{"id":241746,"date":"2023-10-27T10:10:39","date_gmt":"2023-10-27T08:10:39","guid":{"rendered":"https:\/\/www.cronacaonline.it\/?p=241746"},"modified":"2023-10-27T10:10:42","modified_gmt":"2023-10-27T08:10:42","slug":"dalla-giunta-oltre-40-milioni-per-laccesso-al-credito-lassessore-lai-creare-un-sistema-di-finanza-inclusiva","status":"publish","type":"post","link":"https:\/\/www.cronacaonline.it\/index.php\/2023\/10\/27\/dalla-giunta-oltre-40-milioni-per-laccesso-al-credito-lassessore-lai-creare-un-sistema-di-finanza-inclusiva\/","title":{"rendered":"Dalla giunta oltre 40 milioni per l\u2019accesso al credito. L\u2019assessore lai: \u201ccreare un sistema di finanza inclusiva\u201d."},"content":{"rendered":"\n<p>Cagliari, 27 Ott 2023 \u2013\u00a0Oltre 40 milioni di euro per il sostegno all\u2019accesso al credito e alle garanzie,\u00a0di cui \u20ac18.844.500\u00a0per il microcredito, \u20ac15.538.760 al Fondo sviluppo cooperativistico e \u20ac 6.147.200 al Fondo al Social Impact Investing. Lo ha deciso la Giunta regionale, nell\u2019ultima seduta,\u00a0su proposta dell\u2019Assessore del Lavoro, Ada Lai.<\/p>\n\n\n\n<p>\u201cL\u2019accesso al credito - afferma Lai - \u00e8 uno degli elementi pi\u00f9 critici che limitano la nostra imprenditoria, con un forte impatto sulla capacit\u00e0 di resilienza del sistema produttivo e sull\u2019occupazione. Le guerre in corso, l\u2019aumento dell\u2019inflazione e il caro energia stanno frenando ulteriormente l\u2019economia sia a livello nazionale che locale. Grazie alla programmazione europea dei fondi FSE+ Sardegna 2021-2027 al servizio della dignit\u00e0, sottolinea l\u2019assessore - abbiamo a disposizione una dotazione finanziaria ingente per mettere in campo una serie di strumenti per il sostegno all\u2019accesso al credito delle cooperative, degli autonomi e favorire l\u2019autoimpiego. La Regione intende creare un sistema di finanza inclusiva che risponda alle esigenze delle piccole e medie imprese\u201d. Com<\/p>\n","protected":false},"excerpt":{"rendered":"<p>Cagliari, 27 Ott 2023 \u2013\u00a0Oltre 40 milioni di euro per il sostegno all\u2019accesso al credito e alle garanzie,\u00a0di cui \u20ac18.844.500\u00a0per il microcredito, \u20ac15.538.760 al Fondo&#8230;<\/p>\n","protected":false},"author":2,"featured_media":235318,"comment_status":"closed","ping_status":"open","sticky":false,"template":"","format":"standard","meta":[],"categories":[49,52],"tags":[],"_links":{"self":[{"href":"https:\/\/www.cronacaonline.it\/index.php\/wp-json\/wp\/v2\/posts\/241746"}],"collection":[{"href":"https:\/\/www.cronacaonline.it\/index.php\/wp-json\/wp\/v2\/posts"}],"about":[{"href":"https:\/\/www.cronacaonline.it\/index.php\/wp-json\/wp\/v2\/types\/post"}],"author":[{"embeddable":true,"href":"https:\/\/www.cronacaonline.it\/index.php\/wp-json\/wp\/v2\/users\/2"}],"replies":[{"embeddable":true,"href":"https:\/\/www.cronacaonline.it\/index.php\/wp-json\/wp\/v2\/comments?post=241746"}],"version-history":[{"count":1,"href":"https:\/\/www.cronacaonline.it\/index.php\/wp-json\/wp\/v2\/posts\/241746\/revisions"}],"predecessor-version":[{"id":241747,"href":"https:\/\/www.cronacaonline.it\/index.php\/wp-json\/wp\/v2\/posts\/241746\/revisions\/241747"}],"wp:featuredmedia":[{"embeddable":true,"href":"https:\/\/www.cronacaonline.it\/index.php\/wp-json\/wp\/v2\/media\/235318"}],"wp:attachment":[{"href":"https:\/\/www.cronacaonline.it\/index.php\/wp-json\/wp\/v2\/media?parent=241746"}],"wp:term":[{"taxonomy":"category","embeddable":true,"href":"https:\/\/www.cronacaonline.it\/index.php\/wp-json\/wp\/v2\/categories?post=241746"},{"taxonomy":"post_tag","embeddable":true,"href":"https:\/\/www.cronacaonline.it\/index.php\/wp-json\/wp\/v2\/tags?post=241746"}],"curies":[{"name":"wp","href":"https:\/\/api.w.org\/{rel}","templated":true}]}}