{"id":241729,"date":"2023-10-26T19:11:20","date_gmt":"2023-10-26T17:11:20","guid":{"rendered":"https:\/\/www.cronacaonline.it\/?p=241729"},"modified":"2023-10-26T19:11:23","modified_gmt":"2023-10-26T17:11:23","slug":"riconoscimento-valorizzazione-e-sostegno-del-caregiver-familiare-pais-una-legge-di-civilta-per-tutte-le-persone-fino-ad-ora-invisibili-che-convivono-con-il-dolore-fisico-e-psichico","status":"publish","type":"post","link":"https:\/\/www.cronacaonline.it\/index.php\/2023\/10\/26\/riconoscimento-valorizzazione-e-sostegno-del-caregiver-familiare-pais-una-legge-di-civilta-per-tutte-le-persone-fino-ad-ora-invisibili-che-convivono-con-il-dolore-fisico-e-psichico\/","title":{"rendered":"Riconoscimento, valorizzazione e sostegno del caregiver familiare. Pais: \u201cUna legge di civilt\u00e0 per tutte le persone fino ad ora invisibili che convivono con il dolore fisico e psichico\u201d."},"content":{"rendered":"\n<p>Cagliari, 26 Ott 2023 \u2013 \u201cLa legge a sostegno del caregiver, approvata all\u2019unanimit\u00e0 dal Consiglio regionale,\u00a0 \u00e8 un provvedimento di civilt\u00e0 che d\u00e0 finalmente\u00a0 un riconoscimento\u00a0 a\u00a0 tutte quelle persone fino ad ora invisibili che convivono con il dolore fisico e psichico\u201d.<\/p>\n\n\n\n<p>Lo ha affermato il Presidente del Consiglio regionale Michele Pais subito dopo l\u2019approvazione da parte dell\u2019Assemblea del Testo Unificato.<\/p>\n\n\n\n<p>\u201cIl riconoscimento e il sostegno della figura del Caregiver familiare, cio\u00e8 di coloro che assistono, affiancano e hanno un ruolo di sostegno nei confronti di un familiare non autosufficiente o comunque affetto da gravi disabilit\u00e0 \u00e8 ancora pi\u00f9 importante in quanto questa figura \u2013 scrive Pais \u2013 in Italia \u00e8 ancora priva di riconoscimento e tutele a causa dell'assenza di una legge nazionale in materia\u201d.<\/p>\n\n\n\n<p>Il Presidente Pais ha ringraziato maggioranza e opposizione per il grande lavoro svolto e per la volont\u00e0 di approvare questa legge che \u2013 ha detto \u2013 pone la Sardegna tra le prime Regioni ad aver approvato un provvedimento in materia. Com<\/p>\n","protected":false},"excerpt":{"rendered":"<p>Cagliari, 26 Ott 2023 \u2013 \u201cLa legge a sostegno del caregiver, approvata all\u2019unanimit\u00e0 dal Consiglio regionale,\u00a0 \u00e8 un provvedimento di civilt\u00e0 che d\u00e0 finalmente\u00a0 un&#8230;<\/p>\n","protected":false},"author":2,"featured_media":192539,"comment_status":"closed","ping_status":"open","sticky":false,"template":"","format":"standard","meta":[],"categories":[49,52],"tags":[],"_links":{"self":[{"href":"https:\/\/www.cronacaonline.it\/index.php\/wp-json\/wp\/v2\/posts\/241729"}],"collection":[{"href":"https:\/\/www.cronacaonline.it\/index.php\/wp-json\/wp\/v2\/posts"}],"about":[{"href":"https:\/\/www.cronacaonline.it\/index.php\/wp-json\/wp\/v2\/types\/post"}],"author":[{"embeddable":true,"href":"https:\/\/www.cronacaonline.it\/index.php\/wp-json\/wp\/v2\/users\/2"}],"replies":[{"embeddable":true,"href":"https:\/\/www.cronacaonline.it\/index.php\/wp-json\/wp\/v2\/comments?post=241729"}],"version-history":[{"count":1,"href":"https:\/\/www.cronacaonline.it\/index.php\/wp-json\/wp\/v2\/posts\/241729\/revisions"}],"predecessor-version":[{"id":241730,"href":"https:\/\/www.cronacaonline.it\/index.php\/wp-json\/wp\/v2\/posts\/241729\/revisions\/241730"}],"wp:featuredmedia":[{"embeddable":true,"href":"https:\/\/www.cronacaonline.it\/index.php\/wp-json\/wp\/v2\/media\/192539"}],"wp:attachment":[{"href":"https:\/\/www.cronacaonline.it\/index.php\/wp-json\/wp\/v2\/media?parent=241729"}],"wp:term":[{"taxonomy":"category","embeddable":true,"href":"https:\/\/www.cronacaonline.it\/index.php\/wp-json\/wp\/v2\/categories?post=241729"},{"taxonomy":"post_tag","embeddable":true,"href":"https:\/\/www.cronacaonline.it\/index.php\/wp-json\/wp\/v2\/tags?post=241729"}],"curies":[{"name":"wp","href":"https:\/\/api.w.org\/{rel}","templated":true}]}}