{"id":241727,"date":"2023-10-26T19:10:08","date_gmt":"2023-10-26T17:10:08","guid":{"rendered":"https:\/\/www.cronacaonline.it\/?p=241727"},"modified":"2023-10-26T19:10:10","modified_gmt":"2023-10-26T17:10:10","slug":"il-consiglio-sardegna-approva-il-testo-unificato-sul-riconoscimento-del-caregiver-familiare","status":"publish","type":"post","link":"https:\/\/www.cronacaonline.it\/index.php\/2023\/10\/26\/il-consiglio-sardegna-approva-il-testo-unificato-sul-riconoscimento-del-caregiver-familiare\/","title":{"rendered":"Il Consiglio Sardegna approva il Testo Unificato sul riconoscimento del caregiver familiare."},"content":{"rendered":"\n<p>Cagliari 26 Ott 2023 - Alla ripresa pomeridiana, il Consiglio regionale passato ad esaminare il Testo unificato per il \u201cSostegno al caregiver familiare\u201d.<\/p>\n\n\n\n<p>Il testo unificato \u00e8 stato presentato per prima dall\u2019on. Annalisa Mele (Riformatori), che ha spiegato che si tratta del ruolo di assistenza e sostegno nei confronti di un familiare non autosufficiente o comunque con una grave disabilit\u00e0<\/p>\n\n\n\n<p>In Italia manca una legge nazionale e per questo motivo il testo sardo assume un significato ancora maggiore. \u201cIl caregiver \u00e8 un compito ad alto costo, con ricadute economiche e sociali, con un evidente rischio di sindrome del burn out: anche il caregiver rischia di diventare un soggetto fragile\u201d, ha detto l\u2019on. Mele.<\/p>\n\n\n\n<p>L\u2019oratrice ha illustrato tutti gli articoli e ha aggiunto che \u201cla Sardegna in autonomia far\u00e0 un passo decisivo riconoscendo il grande valore umano di queste persone e delle loro reti di assistenza\u201d.<\/p>\n\n\n\n<p>Per Rossella Pinna (Pd) \u201csiamo davanti alla sintesi virtuosa di tre proposte di legge, che andranno incontro ai bisogni di migliaia di persone invisibili, che spesso si annullano per stare accanto ai propri cari. E questo accade anche nella nostra isola, dove i caregiver familiari (figli, coniugi, genitori) secondo i nostri dati sono in prevalenza donne, non occupate e con bassa scolarizzazione. Uno studio dice inoltre che i caregiver familiari mediamente vivono dai 9 ai 17 anni in meno\u201d.<\/p>\n\n\n\n<p>A seguire Maria Laura Caddeo, che ha parlato della difficolt\u00e0 quotidiana delle famiglie con un paziente grave: \u201cCi si sente abbandonati e vessati da una malattia. Questa legge offre alcune opportunit\u00e0, compreso un percorso per la semplificazione burocratica. A tutti noi pu\u00f2 capitare di essere caregiver o di averne bisogno\u201d.<\/p>\n\n\n\n<p>Per Salvatore Corrias (Pd) \u201csi impone l\u2019urgenza di intervenire perch\u00e9 il caregiver sono diventati una figura sostitutiva. In Italia sono 8 milioni e mezzo, lavorano pi\u00f9 di dieci ore al giorno e sono elemento nevralgico della rete di assistenza\u201d.<\/p>\n\n\n\n<p>Ha preso la parola Antonio Piu (Rossoverdi) che ha parlato di \u201cuna legge sentita e mi auguro che oggi questo testo sia approvato e che non sia bloccato dall\u2019aspetto economico. E\u2019 una legge di civilt\u00e0 che d\u00e0 speranza a tante persone che aspettano risposte e nel frattempo assistono i familiari\u201d.<\/p>\n\n\n\n<p>Invece Diego Loi (Rossoverdi) ha esordito cos\u00ec: \u201cMi sento di ringraziare i colleghi che hanno avuto attenzione verso un tema cos\u00ec importante, ora \u00e8 necessario curare con particolare attenzione la parte della dotazione finanziaria\u201d.<\/p>\n\n\n\n<p>Desir\u00e8 Manca, del M5S, ha parlato di argomento delicato che per\u00f2 qualifica il grande impegno delle colleghe che hanno lavorato alle proposte di legge, poi sono confluite nel testo unico. La legge \u00e8 un primo passo nella valorizzazione della figura del \u201ccaregiver\u201d ma non basta, ha proseguito, sia perch\u00e9 manca una normativa nazionale, sia perch\u00e9 si tratta di un processo che dovr\u00e0 essere sviluppato ancora, a partire dal supporto economico. Il gruppo voter\u00e0 certamente a favore, ha concluso, ma sarebbe davvero opportuno fare un passo in avanti a favore di chi ha scelto di mettere la sua vita al servizio degli altri.<\/p>\n\n\n\n<p>Michele Ennas, capogruppo della Lega, ha sottolineato che per il suo gruppo la proposta nasce da molto lontano e la condivisione dell\u2019obiettivo \u00e8 un segnale molto positivo, che dimostra l\u2019attenzione concreta e la sensibilit\u00e0 del governo regionale nei confronti del tema della disabilit\u00e0. Ennas ha infine annunciato il voto favorevole della Lega.<\/p>\n\n\n\n<p>Per la Giunta l\u2019assessore della Sanit\u00e0 Carlo Doria ha espresso il suo apprezzamento per la legge del Consiglio, ricordando una iniziativa nazionale del 2015 che per\u00f2 non arriv\u00f2 all\u2019esame del Senato. La nostra Regione porta a casa un provvedimento importante, ha affermato, perch\u00e9 prendersi cura del proprio caro che soffre \u00e8 segno di una societ\u00e0 che crede nei valori della famiglia e si adopera in modo disinteressato perch\u00e9 una persona colpita da una grave malattia, possa comunque riuscire a mantenere una condizione di vita dignitosa. La legge, ha aggiunto, ha certamente bisogno di \u201cgambe\u201d pi\u00f9 solide, che potranno arrivare da un riconoscimento legislativo completo degli aspetti lavorativo, retributivo e contributivo dei \u201ccaregiver\u201d, con pi\u00f9 risorse economiche ma anche con un cambiamento culturale della societ\u00e0, rivolto in particolare alle giovani generazioni.<\/p>\n\n\n\n<p>Subito dopo il Consiglio ha approvato all\u2019unanimit\u00e0 il passaggio all\u2019esame degli articoli.<\/p>\n\n\n\n<p>Sull\u2019art.1 al quale \u00e8 stato presentato un emendamento aggiuntivo di Laura Caddeo (Arv) che affianca al termine \u201cvalorizzazione\u201d quello di \u201ctutela\u201d della figura dei \u201ccaregiver\u201d, si \u00e8 sviluppato un breve dibattito perch\u00e9 la proposta non sarebbe stata concordata in anticipo.<\/p>\n\n\n\n<p>Il consigliere del M5S Roberto Li Gioi, inoltre, ha proposto una breve sospensione della seduta per poter esaminare l\u2019ipotesi di un ordine del giorno unitario che impegni la Regione a prevedere un fondo di sostegno senza il quale, ha concluso, anche le nobili finalit\u00e0 della legge rischiano di apparire poco incisive.<\/p>\n\n\n\n<p>La proposta \u00e8 stata accolta ed il presidente ha sospeso la seduta per una riunione dei capigruppo.<\/p>\n\n\n\n<p>Alla ripresa dei lavori, \u00e8 stato approvato il testo dell\u2019art.1 con l\u2019integrazione contenuta nell\u2019emendamento n.1.<\/p>\n\n\n\n<p>Il testo dell\u2019art.2 \u00e8 stato sostituito dall\u2019emendamento 6, come ha spiegato Rossella Pinna del Pd, per inserire accanto ai Piani individuali l\u2019integrazione con i Piani sanitari, socio-sanitari e socio assistenziali, integrazione che sar\u00e0 ripetuta anche in emendamenti successivi.<\/p>\n\n\n\n<p>All\u2019art.3 \u00e8 stato aggiunto l\u2019emendamento 7 che favorisce il mantenimento del paziente nel proprio domicilio. Approvato anche l\u2019emendamento n.11 all\u2019art. 4 sulle rappresentanze dei \u201ccaregivers\u201d nella elaborazione dei Piani locali dei servizi Plus.<\/p>\n\n\n\n<p>A seguire sono stati approvati gli altri articoli della legge fino all\u201911 (entrata in vigore).<\/p>\n\n\n\n<p>Prima del voto finale \u00e8 stato approvato un ordine del giorno che impegna la Giunta a prevedere nei prossimi provvedimenti finanziari adeguate risorse a sostegno della legge.<\/p>\n\n\n\n<p>Nel voto finale la legge ha ottenuto 39 voti favorevoli (unanimit\u00e0).<\/p>\n\n\n\n<p>Il presidente ha infine comunicato che per venerd\u00ec prossimo 3 novembre alle 10.30 \u00e8 stata convocata la commissione Bilancio. Quindi ha tolto la seduta convocando il Consiglio per marted\u00ec prossimo 7 novembre alle 10.30. Com<\/p>\n","protected":false},"excerpt":{"rendered":"<p>Cagliari 26 Ott 2023 &#8211; Alla ripresa pomeridiana, il Consiglio regionale passato ad esaminare il Testo unificato per il \u201cSostegno al caregiver familiare\u201d. Il testo&#8230;<\/p>\n","protected":false},"author":2,"featured_media":239834,"comment_status":"closed","ping_status":"open","sticky":false,"template":"","format":"standard","meta":[],"categories":[49,52],"tags":[],"_links":{"self":[{"href":"https:\/\/www.cronacaonline.it\/index.php\/wp-json\/wp\/v2\/posts\/241727"}],"collection":[{"href":"https:\/\/www.cronacaonline.it\/index.php\/wp-json\/wp\/v2\/posts"}],"about":[{"href":"https:\/\/www.cronacaonline.it\/index.php\/wp-json\/wp\/v2\/types\/post"}],"author":[{"embeddable":true,"href":"https:\/\/www.cronacaonline.it\/index.php\/wp-json\/wp\/v2\/users\/2"}],"replies":[{"embeddable":true,"href":"https:\/\/www.cronacaonline.it\/index.php\/wp-json\/wp\/v2\/comments?post=241727"}],"version-history":[{"count":1,"href":"https:\/\/www.cronacaonline.it\/index.php\/wp-json\/wp\/v2\/posts\/241727\/revisions"}],"predecessor-version":[{"id":241728,"href":"https:\/\/www.cronacaonline.it\/index.php\/wp-json\/wp\/v2\/posts\/241727\/revisions\/241728"}],"wp:featuredmedia":[{"embeddable":true,"href":"https:\/\/www.cronacaonline.it\/index.php\/wp-json\/wp\/v2\/media\/239834"}],"wp:attachment":[{"href":"https:\/\/www.cronacaonline.it\/index.php\/wp-json\/wp\/v2\/media?parent=241727"}],"wp:term":[{"taxonomy":"category","embeddable":true,"href":"https:\/\/www.cronacaonline.it\/index.php\/wp-json\/wp\/v2\/categories?post=241727"},{"taxonomy":"post_tag","embeddable":true,"href":"https:\/\/www.cronacaonline.it\/index.php\/wp-json\/wp\/v2\/tags?post=241727"}],"curies":[{"name":"wp","href":"https:\/\/api.w.org\/{rel}","templated":true}]}}