{"id":241723,"date":"2023-10-26T16:03:23","date_gmt":"2023-10-26T14:03:23","guid":{"rendered":"https:\/\/www.cronacaonline.it\/?p=241723"},"modified":"2023-10-26T16:03:25","modified_gmt":"2023-10-26T14:03:25","slug":"su-tuvu-via-alla-progettazione-per-portare-lacqua-a-valle-lassessore-saiu-insieme-alla-diga-di-cumbidanovu-investimenti-per-270-milioni-di-euro","status":"publish","type":"post","link":"https:\/\/www.cronacaonline.it\/index.php\/2023\/10\/26\/su-tuvu-via-alla-progettazione-per-portare-lacqua-a-valle-lassessore-saiu-insieme-alla-diga-di-cumbidanovu-investimenti-per-270-milioni-di-euro\/","title":{"rendered":"Su Tuvu, via alla progettazione per portare l\u2019acqua a valle. L\u2019assessore Saiu: \u201cinsieme alla diga di Cumbidanovu investimenti per 270 milioni di euro\u201d."},"content":{"rendered":"\n<p>Cagliari, 26 Ott 2023\u00a0\u2013 La Regione accelera sulla realizzazione delle grandi infrastrutture idriche e aggiunge un nuovo importante tassello nel quadro delle opere strategiche a servizio dei territori del nuorese. Presentato oggi dal Consorzio di bonifica della Sardegna Centrale il progetto per la rete di distribuzione dell\u2019acqua dall\u2019impianto di trattamento dei reflui di Su Tuvu, nelle aree a valle del depuratore.<\/p>\n\n\n\n<p>\u201cIl Consorzio \u2013 spiega l\u2019assessore regionale dei Lavori Pubblici, Pierluigi Saiu \u2013 \u00e8 destinatario di un finanziamento di 6 milioni di euro, approvato dal Consiglio regionale a febbraio di quest\u2019anno, ma insufficiente a coprire i costi di realizzazione dell\u2019intera opera, che, secondo il quadro economico, ammontano a 21 milioni di euro. Con le risorse disponibili il consorzio potrebbe completare solo la progettazione e una parte dei lavori. Ma \u00e8 fondamentale programmare fin da subito le risorse per la realizzazione dell\u2019infrastruttura ed \u00e8 per questa ragione che, questa mattina, in occasione dell\u2019incontro, ho preso l\u2019impegno di recuperare le coperture che mancano, attraverso i fondi regionali, comunitari o statali, cos\u00ec come ho gi\u00e0 fatto per la diga di Cumbidanovu che rischiava di restare un\u2019incompiuta e i cui lavori, dopo anni, oggi sono di nuovo appaltati\u201d.<\/p>\n\n\n\n<p>\u201cLa diga di Cumbidanovu \u2013 sottolinea l\u2019assessore Saiu \u2013 \u00e8 la pi\u00f9 grande opera idraulica oggi appaltata in Sardegna e stiamo gi\u00e0 progettando gli interventi che consentiranno di realizzare una centrale idroelettrica, la rete per collegare l\u2019invaso all\u2019impianto di depurazione di Su Tuvu, a Nuoro, e le opere di distribuzione dell\u2019acqua. \u00c8 un programma ambizioso che avr\u00e0 enormi ricadute sul territorio del nuorese. Oltre alla diga, \u00e8 prevista la realizzazione di opere per 160 milioni di euro. Complessivamente parliamo quindi di un investimento che superer\u00e0 i 270 milioni\u201d.<\/p>\n\n\n\n<p>Richiamando il quadro generale delle opere idriche nel Centro Sardegna l\u2019assessore dei Lavori Pubblici precisa: \u201cL\u2019irrigazione delle aree a valle dell\u2019impianto di depurazione di Su Tuvu rientra all\u2019interno di un progetto pi\u00f9 ampio di estensione delle superfici irrigue e di incremento della generale capacit\u00e0 di invasamento di risorsa idrica in Sardegna. La diga di Cumbidanovu e poi l\u2019utilizzo delle acque reflue dell\u2019impianto di Su Tuvu fanno quindi parte dello stesso progetto. Il Consorzio di Bonifica della Sardegna Centrale \u00e8 soggetto attuatore dei lavori di completamento della diga e della progettazione e realizzazione della rete a valle di Su Tuvu. La societ\u00e0 in house della Regione Opere e infrastrutture della Sardegna, che fa capo all\u2019assessorato dei lavori pubblici, \u00e8 invece destinataria delle risorse, anche queste previste nella finanziaria 2023, per la progettazione delle altre opre idrauliche, in particolare il collegamento funzionale con l\u2019impianto di Su Tuvu e la realizzazione della centrale idroelettrica. La stessa societ\u00e0 sar\u00e0 incaricata di eseguire tutti gli altri lavori\u201d.<\/p>\n\n\n\n<p>\u201cIl tema della gestione dell\u2019acqua \u00e8 un tema oggi fondamentale per quanto riguarda la nostra Isola e nel recente incontro di luglio ho avuto modo di condividere proprio con il commissario nazionale all\u2019emergenza idrica la necessit\u00e0 sia di aumentare la capacit\u00e0 di raccolta dell\u2019acqua in Sardegna che di utilizzare maggiormente i reflui per fini irrigui. Il progetto che andremo quindi a finanziare non solo \u00e8 strategico per il nuorese ma, soprattutto, consentir\u00e0 di gestire correttamente la risorsa idrica disponibile andando ad aumentare le superfici irrigue\u201d, conclude l\u2019assessore Saiu. Com<\/p>\n","protected":false},"excerpt":{"rendered":"<p>Cagliari, 26 Ott 2023\u00a0\u2013 La Regione accelera sulla realizzazione delle grandi infrastrutture idriche e aggiunge un nuovo importante tassello nel quadro delle opere strategiche a&#8230;<\/p>\n","protected":false},"author":2,"featured_media":233219,"comment_status":"closed","ping_status":"open","sticky":false,"template":"","format":"standard","meta":[],"categories":[49,52],"tags":[],"_links":{"self":[{"href":"https:\/\/www.cronacaonline.it\/index.php\/wp-json\/wp\/v2\/posts\/241723"}],"collection":[{"href":"https:\/\/www.cronacaonline.it\/index.php\/wp-json\/wp\/v2\/posts"}],"about":[{"href":"https:\/\/www.cronacaonline.it\/index.php\/wp-json\/wp\/v2\/types\/post"}],"author":[{"embeddable":true,"href":"https:\/\/www.cronacaonline.it\/index.php\/wp-json\/wp\/v2\/users\/2"}],"replies":[{"embeddable":true,"href":"https:\/\/www.cronacaonline.it\/index.php\/wp-json\/wp\/v2\/comments?post=241723"}],"version-history":[{"count":1,"href":"https:\/\/www.cronacaonline.it\/index.php\/wp-json\/wp\/v2\/posts\/241723\/revisions"}],"predecessor-version":[{"id":241724,"href":"https:\/\/www.cronacaonline.it\/index.php\/wp-json\/wp\/v2\/posts\/241723\/revisions\/241724"}],"wp:featuredmedia":[{"embeddable":true,"href":"https:\/\/www.cronacaonline.it\/index.php\/wp-json\/wp\/v2\/media\/233219"}],"wp:attachment":[{"href":"https:\/\/www.cronacaonline.it\/index.php\/wp-json\/wp\/v2\/media?parent=241723"}],"wp:term":[{"taxonomy":"category","embeddable":true,"href":"https:\/\/www.cronacaonline.it\/index.php\/wp-json\/wp\/v2\/categories?post=241723"},{"taxonomy":"post_tag","embeddable":true,"href":"https:\/\/www.cronacaonline.it\/index.php\/wp-json\/wp\/v2\/tags?post=241723"}],"curies":[{"name":"wp","href":"https:\/\/api.w.org\/{rel}","templated":true}]}}