{"id":241719,"date":"2023-10-26T14:45:02","date_gmt":"2023-10-26T12:45:02","guid":{"rendered":"https:\/\/www.cronacaonline.it\/?p=241719"},"modified":"2023-10-26T14:45:09","modified_gmt":"2023-10-26T12:45:09","slug":"consiglio-sardegna-via-libera-allassestamento-del-bilancio-interno-del-consiglio-al-bilancio-consolidato-della-regione-per-lanno-2022","status":"publish","type":"post","link":"https:\/\/www.cronacaonline.it\/index.php\/2023\/10\/26\/consiglio-sardegna-via-libera-allassestamento-del-bilancio-interno-del-consiglio-al-bilancio-consolidato-della-regione-per-lanno-2022\/","title":{"rendered":"Consiglio Sardegna &#8211; Via libera all\u2019Assestamento del bilancio interno del Consiglio, al Bilancio consolidato della Regione per l\u2019anno 2022."},"content":{"rendered":"\n<p>Cagliari, 26 Ott 2023 - Via libera all\u2019Assestamento del bilancio interno del Consiglio, al Bilancio consolidato della Regione per l\u2019anno 2022, al Rendiconto generale della Regione per il 2022 e al Rendiconto consolidato della Regione per il 2022. I lavori riprendono alle 15,30\u00a0\u00a0<\/p>\n\n\n\n<p>Cagliari, 26 ottobre 2023 -&nbsp;&nbsp; La seduta \u00e8 stata aperta dal presidente Michele Pais alle 11.30. Subito dopo le formalit\u00e0 di rito, il presidente ha messo in discussione il primo punto all\u2019ordine del giorno: l\u2019assestamento del bilancio interno del Consiglio regionale.<\/p>\n\n\n\n<p>Sull\u2019ordine dei lavori \u00e8 intervenuto il capogruppo del Movimento 5 Stelle Alessandro Solinas che ha segnalato la mancanza del numero legale in Aula: \u00abAncora una volta \u2013 ha detto Solinas - la maggioranza dimostra mancanza di responsabilit\u00e0\u00bb.<\/p>\n\n\n\n<p>Salvatore Corrias (Pd) ha invece sollecitato la discussione in tempi rapidi della legge sui Caregiver familiari: \u00abL\u2019agenda dei lavori prevede la discussione di diverse proposte di legge urgenti \u2013 ha ricordato Corrias - una di queste \u00e8 quella sui caregiver. Vorrei capire se la si intenda discutere e approvarla in questa seduta\u00bb.<\/p>\n\n\n\n<p>\u00abPer quanto mi riguarda la legge sui caregiver va discussa subito \u2013 ha replicato il presidente Pais - convocher\u00f2 una Conferenza dei Capigruppo, mi auguro che possa essere approvata in mattinata\u00bb. Il presidente Pais ha quindi messo in discussione l\u2019assestamento del bilancio interno del Consiglio che \u00e8 stato approvato.<\/p>\n\n\n\n<p>L\u2019Aula \u00e8 quindi passata all\u2019esame del Bilancio consolidato della Regione Sardegna per l\u2019anno 2022. Il relatore di maggioranza Stefano Schirru (Psd\u2019Az) ha illustrato il documento contabile che fotografa la situazione patrimoniale e finanziaria della Regione. \u00abIl Bilancio consolidato 2022 della Regione Sardegna chiude con un risultato dell'esercizio complessivo, comprensivo della quota di pertinenza di terzi, positivo per euro 1.087.655.435 e un patrimonio netto, comprensivo della quota di pertinenza di terzi, anch'esso positivo, per euro 3.791.021.882 \u2013 ha detto Schirru - come lo scorso anno, il numero dei soggetti del Gruppo bilancio consolidato che non ha trasmesso in tempi utili la documentazione contabile ai fini del consolidamento \u00e8 pari a due.<\/p>\n\n\n\n<p>Il relatore di minoranza Massimo Zedda (Progressisti) ha sottolineato, in apertura del suo intervento, i ritardi nell\u2019approvazione del documento, licenziato a settembre mentre il termine fissato era a luglio. Zedda ha poi criticato la mancata comunicazione dei dati da parte dell\u2019Agenzia Laore e del Fitq: \u00abImmaginate se Bill Gates, o qualsiasi altro gruppo privato, avesse delle societ\u00e0 che non comunicano i loro bilanci alla societ\u00e0 madre. Cosa ne sarebbe del presidente, Cda e direttori generali? L\u2019assessore alla Programmazione Giuseppe Fasolino ha richiesto per mesi la comunicazione dei dati. Il fatto stesso che si debba sollecitare la comunicazione dei dati evidenzia una patologia del sistema\u00bb.<\/p>\n\n\n\n<p>Zedda ha poi elencato i dati del Bilancio Consolidato: \u00abDei 52 enti facenti parte dell'elenco Gruppo amministrazione pubblica (GAP), 24 non rientrano tra quelli ricompresi nel documento contabile. Di conseguenza, in relazione a questi enti, permane una lacuna informativa generale sulla loro gestione, nonostante la Regione, in alcuni casi, contribuisca alle loro attivit\u00e0 con capitali importanti. Per quanto riguarda i 28 enti del Gruppo bilancio consolidato (GBC), 11 o non hanno trasmesso i dati definitivi di bilancio dell'esercizio 2022 limitandosi a fornire dati provvisori dei bilanci consuntivi, oppure hanno trasmesso solo un pre-consuntivo. Dai dati riportati emerge che la Regione Sardegna spende 239.229.861 euro per il proprio personale, mentre per tutti gli altri enti la spesa complessiva \u00e8 pari a 495.724.198 euro. Il totale ammonta a 734.954.059 euro. Considerando sia gli enti che formalmente avrebbero dovuto inviare i dati (ad esempio, per Laore la spese del personale ammonta, secondo il proprio bilancio consuntivo 2022, a 50.471.000 euro) che quelli del gruppo GAP non rientranti nel bilancio consolidato, il sistema complessivo della Regione e dei suoi enti strumentali, societ\u00e0 partecipate e controllate spende per il personale una media di oltre 500 euro pro-capite su scala regionale. Il vostro modo di governare la Regione non determina sviluppo e occasioni di lavoro, genera solo costi ingenti per i sardi\u00bb.<\/p>\n\n\n\n<p>A nome della Giunta \u00e8 intervenuto l\u2019assessore al Bilancio Giuseppe Fasolino: \u00abLa situazione \u00e8 migliorata rispetto al passato. Negli anni precedenti quasi tutte le societ\u00e0 che hanno un peso importante nel sistema Regione erano tutte fuori dai termini per l\u2019approvazione del consolidato. Oggi ne rimangono fuori solo due. Certo l\u2019optimus sarebbe il 100% ma comunque \u00e8 un gran risultato\u00bb.<\/p>\n\n\n\n<p>Il presidente ha quindi messo in votazione il Bilancio Consolidato con sistema di voto a scrutinio palese come richiesto dal capogruppo di Leu Eugenio Lai.<\/p>\n\n\n\n<p>Il documento \u00e8 stato approvato con 27 voti a favore e 2 contrari.<\/p>\n\n\n\n<p>A nome dei gruppi di minoranza il consigliere Alessandro Solinas ha comunicato la motivazione politica dell\u2019assenza dal voto.<\/p>\n\n\n\n<p>Successivamente il Consiglio ha iniziato l\u2019esame del Dl 395 sul Rendiconto generale della Regione.<\/p>\n\n\n\n<p>Il relatore di maggioranza Stefano Schirru, presidente della commissione Bilancio, ha ripercorso i passaggi regolamentari del provvedimento, che contiene un saldo complessivo di circa 2.3 miliardi, dei quali 171 milioni utilizzabili attraverso la prossima variazione di bilancio.<\/p>\n\n\n\n<p>Il relatore di minoranza Alessandro Solinas (M5S) ha parlato di un documento principalmente tecnico ma che ha anche una lettura politica e cristallizza le disfunzioni pi\u00f9 volte evidenziate dalla minoranza sull\u2019incapacit\u00e0 di spesa della Regione, dimostrata in modo evidente da alcuni dati: fondo cassa al 31 dicembre 20220 di oltre 2.9 miliardi mentre all\u2019inizio della legislatura era di appena 300 milioni, una crescita enorme che \u201cfotografa\u201d il blocco della spesa regionale gi\u00e0 accertato dalla Corte dei Conti.<\/p>\n\n\n\n<p>Daniele Cocco di Alleanza europa verde, ha ricordato all\u2019assessore Fasolino gli impegni assunti davanti al Consiglio, anche all\u2019unanimit\u00e0, e ancora non onorati, a cominciare dal ricorso all\u2019articolo 102 annunciato per fare fronte con 12 milioni alle disabilit\u00e0 gravi disciplinate dalla legge 162. Sempre in materia di Sanit\u00e0 Cocco si \u00e8 soffermato sul \u201ccommissariamento\u201d strisciante in corso nelle strutture ospedaliere di Alghero, dove fra l\u2019altro una struttura da 200 interventi\/mese \u00e8 stata trasferita per fare posto ad una unit\u00e0 territoriale, mentre 15000 sardi sono costretti a curarsi nella Penisola, si cambiamo atti aziendali in vigore da pochi mesi, si fanno convegni unutili a Porto Cervo e si mette la sordina allo scioper generale dei medici di famiglia. Il consigliere ha poi rivolto un appello alla maggioranza \u201cche non la pensa come Doria e Solinas\u201d per intervenire sulla graduatorie Laore e Aspal, istituire una commissione paritetica sulla sanit\u00e0 privata che per\u00f2 ha bisogno di personale, e considerare con attenzione i territori per garantire gli stessi diritti a tutti i sardi.<\/p>\n\n\n\n<p>A nome della Giunta, l\u2019assessore della Programmazione Giuseppe Fasolino ha dichiarato di comprendere che, in questa fase della legislatura, si colga ogni occasione per proporre valutazioni politiche sulla stessa legislatura, ma di preferire l\u2019osservanza dell\u2019ordine del giorno. \u00c8 vero, ha riconosciuto, che molte azioni non si sono ancora, conclude, ma bisogna riconoscere che la Sardegna le ha adottare, in molti casi per prima, a differenza di altre Regioni d\u2019Italia. La maggioranza, ha aggiunto, ha le sue lacune ma non nella gestione dei conti, sulla quale ha operato bene: prima non si facevano assestamenti annuali di bilancio e non era possibile fare variazioni, ora questi provvedimenti vengono predisposti correttamente e consentono fra l\u20190altro un rendiconto aggiornato della finanza regionale.<\/p>\n\n\n\n<p>Non essendoci altri interventi, il presidente ha comunicato la votazione sul passaggio agli articoli, per la quale il consigliare Eurgenio Lai (Arv) ha chiesto lo scrutinio palese.<\/p>\n\n\n\n<p>I voti favorevoli sono stati 24, a fronte di un solo voto contrario, mentre l\u2019opposizione non ha partecipato al voto. Non essendo stato raggiunto il numero legale, il presidente ha sospeso la seduta ed aggiornato i lavori alla mezz\u2019ora successiva.<\/p>\n\n\n\n<p>Alla ripresa, il Consiglio ha ripetuto la votazione. Il capogruppo dei Progressisti Francesco Agus ha chiesto lo scrutinio palese.<\/p>\n\n\n\n<p>I voti favorevoli sono stati 25, con 1 voto contrario.<\/p>\n\n\n\n<p>Il capogruppo del Pd Gianfranco Ganau ha comunicato la motivazione politica dell\u2019assenza dei gruppi di opposizione.<\/p>\n\n\n\n<p>Dopo il voto sui singoli articoli, il Consiglio ha approvato definitivamente il rendiconto con 26 voti favorevoli e 18 contrari.<\/p>\n\n\n\n<p>Il presidente ha comunicato il rinvio della legge sul comparto ippico e l\u2019esame di quella sui \u201ccaregiver\u201d. Subito dopo ha tolto la seduta riconvocando il Consiglio alle 15.30. Com<\/p>\n","protected":false},"excerpt":{"rendered":"<p>Cagliari, 26 Ott 2023 &#8211; Via libera all\u2019Assestamento del bilancio interno del Consiglio, al Bilancio consolidato della Regione per l\u2019anno 2022, al Rendiconto generale della&#8230;<\/p>\n","protected":false},"author":2,"featured_media":239834,"comment_status":"closed","ping_status":"open","sticky":false,"template":"","format":"standard","meta":[],"categories":[49,52],"tags":[],"_links":{"self":[{"href":"https:\/\/www.cronacaonline.it\/index.php\/wp-json\/wp\/v2\/posts\/241719"}],"collection":[{"href":"https:\/\/www.cronacaonline.it\/index.php\/wp-json\/wp\/v2\/posts"}],"about":[{"href":"https:\/\/www.cronacaonline.it\/index.php\/wp-json\/wp\/v2\/types\/post"}],"author":[{"embeddable":true,"href":"https:\/\/www.cronacaonline.it\/index.php\/wp-json\/wp\/v2\/users\/2"}],"replies":[{"embeddable":true,"href":"https:\/\/www.cronacaonline.it\/index.php\/wp-json\/wp\/v2\/comments?post=241719"}],"version-history":[{"count":1,"href":"https:\/\/www.cronacaonline.it\/index.php\/wp-json\/wp\/v2\/posts\/241719\/revisions"}],"predecessor-version":[{"id":241720,"href":"https:\/\/www.cronacaonline.it\/index.php\/wp-json\/wp\/v2\/posts\/241719\/revisions\/241720"}],"wp:featuredmedia":[{"embeddable":true,"href":"https:\/\/www.cronacaonline.it\/index.php\/wp-json\/wp\/v2\/media\/239834"}],"wp:attachment":[{"href":"https:\/\/www.cronacaonline.it\/index.php\/wp-json\/wp\/v2\/media?parent=241719"}],"wp:term":[{"taxonomy":"category","embeddable":true,"href":"https:\/\/www.cronacaonline.it\/index.php\/wp-json\/wp\/v2\/categories?post=241719"},{"taxonomy":"post_tag","embeddable":true,"href":"https:\/\/www.cronacaonline.it\/index.php\/wp-json\/wp\/v2\/tags?post=241719"}],"curies":[{"name":"wp","href":"https:\/\/api.w.org\/{rel}","templated":true}]}}