{"id":241717,"date":"2023-10-26T14:23:24","date_gmt":"2023-10-26T12:23:24","guid":{"rendered":"https:\/\/www.cronacaonline.it\/?p=241717"},"modified":"2023-10-26T14:23:27","modified_gmt":"2023-10-26T12:23:27","slug":"insularita-dichiarazione-del-deputato-sassarese-silvio-lai-pd-dl-sud-una-presa-in-giro-per-linsularita-e-le-richieste-della-sardegna-su-zes-e-fsc","status":"publish","type":"post","link":"https:\/\/www.cronacaonline.it\/index.php\/2023\/10\/26\/insularita-dichiarazione-del-deputato-sassarese-silvio-lai-pd-dl-sud-una-presa-in-giro-per-linsularita-e-le-richieste-della-sardegna-su-zes-e-fsc\/","title":{"rendered":"Insularit\u00e0 \u2013 Dichiarazione del deputato sassarese Silvio Lai (PD) &#8211; DL Sud, una presa in giro per l\u2019insularit\u00e0 e le richieste della Sardegna su Zes e Fsc."},"content":{"rendered":"\n<p>Roma, 26 Ott 2023 - \u201cConfido che le Regioni Sardegna e Sicilia si dispongano per impugnare il decreto Sud presso la Corte Costituzionale una volta convertito tra due settimane, perch\u00e9 al termine del lavoro in commissione referente nel testo non \u00e8 stata accettata alcuna richiesta di modifica tra quelle depositate, a tutela della peculiarit\u00e0 costituzione relativa ai poteri attribuiti alle Regioni a Statuto Speciale e alla condizione di insularit\u00e0\u201d \u00e8 molto netto il giudizio negativo dopo la seduta notturna della commissione bilancio sul DL Sud da parte di SIlvio Lai, parlamentare Dem.<\/p>\n\n\n\n<p>\u201cIl nostro impegno era quello reso noto durante la conferenza stampa di Cagliari\u201d con Marco Meloni, prosegue Lai \u201covvero evitare di soffocare sul nascere la ZES sarda che sta operando positivamente ed evitare che tutto il sistema incentivante, che era finalizzato al potenziamento dei poli logistici principali, finisse in una programmazione nazionale indistinta e in uno sportello unico che sfavorisce il sistema debole dell\u2019isola. In alternativa avevamo chiesto che non ci fosse un periodo di transizione cos\u00ec lungo che impedisce la programmazione degli investimenti da parte delle imprese e che potesse proseguire il lavoro del commissario regionale per tutto il 2024. Inoltre abbiamo tentato di evitare che si modificasse la governance del Fondo Sviluppo e Coesione che ora porta al disimpegno automatico delle somme per i progetti che non rispettano i cronoprogrammi semestrali, una spada di Damocle sulle amministrazioni a cui non baster\u00e0 aver assunto un ODV.\u201d<\/p>\n\n\n\n<p>\u201cE che il problema esistesse lo conferma l\u2019audizione della Giunta Regionale sarda e i numerosi emendamenti presentati dai colleghi parlamentari del centrodestra che poi sono stati ritirati in cambio dell\u2019impegno a prevedere che nel programma che individuer\u00e0 le strategie di sviluppo per la Zes unica del mezzogiorno ci sia un capitolo specifico per le le due isole, come se fosse possibile non prevederlo obbligatoriamente. Insomma in cambio di una citazione in legge del termine insularit\u00e0 si \u00e8 rinunciato a fare gli interessi dell\u2019isola e ad alzare la voce per distinguere la ZES unica in Sardegna e le prerogative costituzionali della Regione a Statuto Speciale.\u201d Conclude il dem Silvio Lai. \u201cAvrei potuto chiedere comunque sottoscrivere l\u2019emendamento di sintesi (che non richiamava poco elegantemente i numerosi emendamenti di minoranza) ma l\u2019ho trovato non solo offensivo ma anche dannoso sul piano giuridico e spero che la Regione non arretri su questo fronte e impugni presso la Corte Costituzionale una legge che lede la specialit\u00e0 quanto l\u2019insularit\u00e0\u201d. Com<\/p>\n","protected":false},"excerpt":{"rendered":"<p>Roma, 26 Ott 2023 &#8211; \u201cConfido che le Regioni Sardegna e Sicilia si dispongano per impugnare il decreto Sud presso la Corte Costituzionale una volta&#8230;<\/p>\n","protected":false},"author":2,"featured_media":241381,"comment_status":"closed","ping_status":"open","sticky":false,"template":"","format":"standard","meta":[],"categories":[49,52],"tags":[],"_links":{"self":[{"href":"https:\/\/www.cronacaonline.it\/index.php\/wp-json\/wp\/v2\/posts\/241717"}],"collection":[{"href":"https:\/\/www.cronacaonline.it\/index.php\/wp-json\/wp\/v2\/posts"}],"about":[{"href":"https:\/\/www.cronacaonline.it\/index.php\/wp-json\/wp\/v2\/types\/post"}],"author":[{"embeddable":true,"href":"https:\/\/www.cronacaonline.it\/index.php\/wp-json\/wp\/v2\/users\/2"}],"replies":[{"embeddable":true,"href":"https:\/\/www.cronacaonline.it\/index.php\/wp-json\/wp\/v2\/comments?post=241717"}],"version-history":[{"count":1,"href":"https:\/\/www.cronacaonline.it\/index.php\/wp-json\/wp\/v2\/posts\/241717\/revisions"}],"predecessor-version":[{"id":241718,"href":"https:\/\/www.cronacaonline.it\/index.php\/wp-json\/wp\/v2\/posts\/241717\/revisions\/241718"}],"wp:featuredmedia":[{"embeddable":true,"href":"https:\/\/www.cronacaonline.it\/index.php\/wp-json\/wp\/v2\/media\/241381"}],"wp:attachment":[{"href":"https:\/\/www.cronacaonline.it\/index.php\/wp-json\/wp\/v2\/media?parent=241717"}],"wp:term":[{"taxonomy":"category","embeddable":true,"href":"https:\/\/www.cronacaonline.it\/index.php\/wp-json\/wp\/v2\/categories?post=241717"},{"taxonomy":"post_tag","embeddable":true,"href":"https:\/\/www.cronacaonline.it\/index.php\/wp-json\/wp\/v2\/tags?post=241717"}],"curies":[{"name":"wp","href":"https:\/\/api.w.org\/{rel}","templated":true}]}}