{"id":241684,"date":"2023-10-26T08:47:34","date_gmt":"2023-10-26T06:47:34","guid":{"rendered":"https:\/\/www.cronacaonline.it\/?p=241684"},"modified":"2023-10-26T08:47:37","modified_gmt":"2023-10-26T06:47:37","slug":"disabili-in-sardegna-carla-cuccu-azioni-immediate-per-la-tutela-e-lautonomia","status":"publish","type":"post","link":"https:\/\/www.cronacaonline.it\/index.php\/2023\/10\/26\/disabili-in-sardegna-carla-cuccu-azioni-immediate-per-la-tutela-e-lautonomia\/","title":{"rendered":"Disabili in Sardegna, Carla Cuccu \u2018azioni immediate per la tutela e l\u2019autonomia\u2019."},"content":{"rendered":"\n<p>Cagliari, 26 Ott 2023 \u2013 In una nota la consigliera regionale e segretaria della Commissione Sanit\u00e0, afferma che: \u201cHo sollevato nei giorni scorsi, con un\u2019interpellanza, l'attenzione sulla necessit\u00e0 di una legge organica in Sardegna che disciplini la programmazione delle risorse e dei fondi destinati a progetti a sostegno della vita autonoma dei disabili.\u201d<br>\u201cAttualmente, in Sardegna, non esiste una legislazione regionale che preveda l'istituzione del \"fascicolo personale,\" \u2013 scrive la Cuccu - predisposto dalle Unit\u00e0 di Valutazione Territoriali (UVt), per seguire e monitorare i progetti e gli interventi a favore dei disabili, come previsto dalla legge nazionale n. 162\/98. Questa mancanza di normativa regionale \u00e8 problematica in quanto impedisce l'applicazione dei Piani Personalizzati, che permetterebbero ai beneficiari di gestire direttamente i finanziamenti ricevuti e decidere autonomamente a quali attivit\u00e0 destinarli\u201d.<\/p>\n\n\n\n<p>La legge nazionale n. 162\/98, che sostiene in gran parte la Regione Sardegna, non ha ancora visto una verifica adeguata sia in termini di qualit\u00e0 delle prestazioni offerte sia riguardo ai risultati raggiunti. Questo solleva serie preoccupazioni sulla trasparenza e l'efficacia dei fondi destinati alle persone con disabilit\u00e0.<\/p>\n\n\n\n<p>\u201cHo richiesto ufficialmente al Presidente della Regione e all'Assessore regionale dell'Igiene e Sanit\u00e0 e dell'Assistenza Sociale se siano previste azioni immediate in merito. In particolare, - aggiunge - si chiede se si intenda istituire il fascicolo personale, come previsto dalla legge nazionale n. 162\/98, e se l'applicazione dell'art. 14 della legge nazionale n. 328\/00, che garantisce un sistema integrato di interventi e servizi sociali, sia stata considerata come procedura fondamentale per promuovere la qualit\u00e0 della vita, le pari opportunit\u00e0 e i diritti di cittadinanza per le persone con disabilit\u00e0\u201d.<\/p>\n\n\n\n<p>\u201cRimango fermamente impegnata \u2013 conclude la consigliera regionale - nella missione di garantire una vita migliore e pi\u00f9 indipendente per le persone con disabilit\u00e0 in Sardegna. Continuer\u00f2 a monitorare da vicino lo sviluppo di questa importante iniziativa\u201d. Red<\/p>\n","protected":false},"excerpt":{"rendered":"<p>Cagliari, 26 Ott 2023 \u2013 In una nota la consigliera regionale e segretaria della Commissione Sanit\u00e0, afferma che: \u201cHo sollevato nei giorni scorsi, con un\u2019interpellanza,&#8230;<\/p>\n","protected":false},"author":2,"featured_media":233830,"comment_status":"closed","ping_status":"open","sticky":false,"template":"","format":"standard","meta":[],"categories":[49,52],"tags":[],"_links":{"self":[{"href":"https:\/\/www.cronacaonline.it\/index.php\/wp-json\/wp\/v2\/posts\/241684"}],"collection":[{"href":"https:\/\/www.cronacaonline.it\/index.php\/wp-json\/wp\/v2\/posts"}],"about":[{"href":"https:\/\/www.cronacaonline.it\/index.php\/wp-json\/wp\/v2\/types\/post"}],"author":[{"embeddable":true,"href":"https:\/\/www.cronacaonline.it\/index.php\/wp-json\/wp\/v2\/users\/2"}],"replies":[{"embeddable":true,"href":"https:\/\/www.cronacaonline.it\/index.php\/wp-json\/wp\/v2\/comments?post=241684"}],"version-history":[{"count":1,"href":"https:\/\/www.cronacaonline.it\/index.php\/wp-json\/wp\/v2\/posts\/241684\/revisions"}],"predecessor-version":[{"id":241685,"href":"https:\/\/www.cronacaonline.it\/index.php\/wp-json\/wp\/v2\/posts\/241684\/revisions\/241685"}],"wp:featuredmedia":[{"embeddable":true,"href":"https:\/\/www.cronacaonline.it\/index.php\/wp-json\/wp\/v2\/media\/233830"}],"wp:attachment":[{"href":"https:\/\/www.cronacaonline.it\/index.php\/wp-json\/wp\/v2\/media?parent=241684"}],"wp:term":[{"taxonomy":"category","embeddable":true,"href":"https:\/\/www.cronacaonline.it\/index.php\/wp-json\/wp\/v2\/categories?post=241684"},{"taxonomy":"post_tag","embeddable":true,"href":"https:\/\/www.cronacaonline.it\/index.php\/wp-json\/wp\/v2\/tags?post=241684"}],"curies":[{"name":"wp","href":"https:\/\/api.w.org\/{rel}","templated":true}]}}