{"id":241669,"date":"2023-10-25T19:29:05","date_gmt":"2023-10-25T17:29:05","guid":{"rendered":"https:\/\/www.cronacaonline.it\/?p=241669"},"modified":"2023-10-25T19:29:08","modified_gmt":"2023-10-25T17:29:08","slug":"consiglio-sardegna-riordino-comparto-ippico-commissione-conclude-esame-emendamenti","status":"publish","type":"post","link":"https:\/\/www.cronacaonline.it\/index.php\/2023\/10\/25\/consiglio-sardegna-riordino-comparto-ippico-commissione-conclude-esame-emendamenti\/","title":{"rendered":"Consiglio Sardegna &#8211; Riordino comparto ippico, Commissione conclude esame emendamenti."},"content":{"rendered":"\n<p>Cagliari, 25 Ott 2023 \u2013 La Commissione \u201cAttivit\u00e0 Produttive\u201d ha concluso in serata l\u2019esame degli emendamenti alla proposta di legge di riordino del comparto ippico che domani sar\u00e0 all\u2019attenzione dell\u2019Aula. In particolare, il Parlamentino si \u00e8 soffermato su alcuni emendamenti proposti dalla minoranza (primo firmatario Daniele Cocco) sul personale che garantisce la guardiania nelle strutture di Su Padru (Ozieri) Foresta Burgos e Genoni e sul recupero del maneggio coperto di Foresta Burgos oggi in abbandono.<\/p>\n\n\n\n<p>La Commissione ha ascoltato le valutazioni del direttore generale di Agris Raffaele Cherchi. Sulla situazione del personale di guardiania, Cherchi ha illustrato la situazione dei tre siti esprimendo un giudizio positivo sulla proposta emendativa che \u00e8 stata approvata dalla Commissione. L\u2019emendamento estende la clausola sociale al personale occupato, con l\u2019obbligo per l\u2019impresa che subentrer\u00e0 nel servizio di assicurare gli attuali livelli occupazionali.<\/p>\n\n\n\n<p>Sulla proposta di trasferire il maneggio coperto di Foresta Burgos in capo ad Agris (e il contestuale impegno finanziario di due milioni di euro per ristrutturarlo), il direttore dell\u2019Agris ha sottolineato l\u2019esigenza di pensare a un progetto complessivo per rendere funzionale la struttura. \u00abAvere in consegna il maneggio senza risorse finanziarie non avrebbe senso \u2013 ha detto Cherchi \u2013 la struttura quando \u00e8 nata era inserita in un progetto di valorizzazione ambientale e sviluppo del turismo equestre. In realt\u00e0 non ha mai funzionato perch\u00e9 \u00e8 rivolta a discipline specifiche come il salto ad ostacoli che hanno bisogno di un complesso di strutture funzionali per permettere, per esempio, lo svolgimento di concorsi ippici (scuderie, paddock etc). Per renderla funzionale serve un investimento importante\u00bb. Per Cherchi il compendio di Foresta Burgos rappresenta un patrimonio importante per il rilancio del settore ippico: \u00abStiamo cercando di invertire la rotta per riportare l\u2019allevamento sperimentale del cavallo proprio in quel territorio \u2013 ha aggiunto Cherchi \u2013 questo si pu\u00f2 fare in un\u2019ottica di redistribuzione dei beni di Agris nell\u2019intero territorio\u00bb. Sull\u2019emendamento la Commissione ha espresso parere negativo per mancanza di copertura finanziaria. Decisione contestata dal firmatario dell\u2019emendamento: \u00abC\u2019\u00e8 un impegno formale dell\u2019assessore al Bilancio Fasolino per il reperimento delle risorse \u2013 ha detto Cocco \u2013 se il maneggio non passa ad Agris non ci sono possibilit\u00e0 di sviluppo del comparto in quel territorio. La legge cos\u00ec \u00e8 monca e rischia di essere bocciata dall\u2019Aula\u00bb. \u00abNon siamo contrari \u2013 ha precisato il presidente della Commissione Piero Maieli \u2013 il problema \u00e8 che non possiamo far passare emendamenti senza copertura finanziaria. Vedremo in Aula quale sar\u00e0 la risposta della Giunta\u00bb. Parere negativo, infine, sull\u2019emendamento n.18, anche questo proposto dall\u2019on.Cocco che prevede lo stralcio dall\u2019art 5 quinquies della parte che attribuisce ad Agris anche la gestione dei terreni pascolativi (circa 120 ettari) originariamente gestiti dall\u2019Istituto di incremento ippico. \u00abAnche questa partita \u2013 ha detto Cherchi \u2013 va affrontata nell\u2019ottica di un riequilibrio territoriale mettendo dentro anche i 1100 ettari in capo ad Agris situati nel territorio di Illorai\u00bb. Com<\/p>\n","protected":false},"excerpt":{"rendered":"<p>Cagliari, 25 Ott 2023 \u2013 La Commissione \u201cAttivit\u00e0 Produttive\u201d ha concluso in serata l\u2019esame degli emendamenti alla proposta di legge di riordino del comparto ippico&#8230;<\/p>\n","protected":false},"author":2,"featured_media":239400,"comment_status":"closed","ping_status":"open","sticky":false,"template":"","format":"standard","meta":[],"categories":[49,52],"tags":[],"_links":{"self":[{"href":"https:\/\/www.cronacaonline.it\/index.php\/wp-json\/wp\/v2\/posts\/241669"}],"collection":[{"href":"https:\/\/www.cronacaonline.it\/index.php\/wp-json\/wp\/v2\/posts"}],"about":[{"href":"https:\/\/www.cronacaonline.it\/index.php\/wp-json\/wp\/v2\/types\/post"}],"author":[{"embeddable":true,"href":"https:\/\/www.cronacaonline.it\/index.php\/wp-json\/wp\/v2\/users\/2"}],"replies":[{"embeddable":true,"href":"https:\/\/www.cronacaonline.it\/index.php\/wp-json\/wp\/v2\/comments?post=241669"}],"version-history":[{"count":1,"href":"https:\/\/www.cronacaonline.it\/index.php\/wp-json\/wp\/v2\/posts\/241669\/revisions"}],"predecessor-version":[{"id":241670,"href":"https:\/\/www.cronacaonline.it\/index.php\/wp-json\/wp\/v2\/posts\/241669\/revisions\/241670"}],"wp:featuredmedia":[{"embeddable":true,"href":"https:\/\/www.cronacaonline.it\/index.php\/wp-json\/wp\/v2\/media\/239400"}],"wp:attachment":[{"href":"https:\/\/www.cronacaonline.it\/index.php\/wp-json\/wp\/v2\/media?parent=241669"}],"wp:term":[{"taxonomy":"category","embeddable":true,"href":"https:\/\/www.cronacaonline.it\/index.php\/wp-json\/wp\/v2\/categories?post=241669"},{"taxonomy":"post_tag","embeddable":true,"href":"https:\/\/www.cronacaonline.it\/index.php\/wp-json\/wp\/v2\/tags?post=241669"}],"curies":[{"name":"wp","href":"https:\/\/api.w.org\/{rel}","templated":true}]}}