{"id":241665,"date":"2023-10-25T17:38:25","date_gmt":"2023-10-25T15:38:25","guid":{"rendered":"https:\/\/www.cronacaonline.it\/?p=241665"},"modified":"2023-10-25T17:38:28","modified_gmt":"2023-10-25T15:38:28","slug":"consiglio-sardegna-privati-accreditati-la-commissione-richiama-lassessore-alla-sanita","status":"publish","type":"post","link":"https:\/\/www.cronacaonline.it\/index.php\/2023\/10\/25\/consiglio-sardegna-privati-accreditati-la-commissione-richiama-lassessore-alla-sanita\/","title":{"rendered":"Consiglio Sardegna &#8211; Privati accreditati, la commissione richiama l\u2019assessore alla Sanit\u00e0."},"content":{"rendered":"\n<p>Cagliari, 25 Ott 2023 - Radiografie, esami di laboratori: sono centinaia di migliaia di prestazioni sanitarie erogate dalle strutture sanitarie private convenzionati ma le tariffe non sono adeguate rispetto ai costi reali.<\/p>\n\n\n\n<p>Cos\u00ec, dopo aver ascoltato in audizione i rappresentanti di Confapi e Mednet per il settore della sanit\u00e0 privata accreditata, la commissione Sanit\u00e0 del Consiglio regionale ha deciso questa mattina all\u2019unanimit\u00e0 di chiedere all\u2019assessore Doria la convocazione urgente della commissione paritetica per la revisione delle tariffe dei convenzionati.<\/p>\n\n\n\n<p>Il radiologo cagliaritano Paolo Deriu, a nome di Confapi, ha spiegato al parlamentino presieduto da Nico Mundula che \u201ci privati convenzionati con la Regione erogano il 65 per cento delle prestazioni sanitarie ma il loro costo \u00e8 appena del tre per cento\u201d rispetto al bilancio della Sanit\u00e0. \u201cLe nostre tariffe sono quelle fissate nel 1998 e ci siamo rivolti all\u2019assessorato alla Sanit\u00e0 per convocare la commissione per la revisione delle tariffe a convenzione ma ci \u00e8 stato risposto che manca il personale per costituire l\u2019organismo. Per questo siamo qui, per ribadire la richiesta urgente. Accanto, per\u00f2, notiamo anche in Sardegna la tendenza a passare dalla sanit\u00e0 sociale a quella delle assicurazioni private ed \u00e8 un segnale che non ci piace e va contrastato\u201d.<\/p>\n\n\n\n<p>Nel corso della seduta \u00e8 stato audito anche Mauro Piria (sindacato Mednet), che ha chiesto l\u2019intervento della Regione per l\u2019adeguamento delle tariffe dei Lea a seguito del decreto ministeriale del 23 giugno 2023.<\/p>\n\n\n\n<p>Per il Pd Gianfranco Ganau ha ricordato che \u201cla sanit\u00e0 pubblica convenzionata \u00e8 stata ed \u00e8 fondamentale per abbattere le liste d\u2019attesa. E\u2019 necessario aumentare il budget secondo i costi\u201d. Opinione condivisa da tutta la commissione, che ha ricordato con Rossella Pinna (Pd) \u201cil ruolo svolto durante il covid dalla sanit\u00e0 privata accreditata\u201d.<\/p>\n\n\n\n<p>Favorevole anche il presidente della commissione Bilancio Stefano Schirru, che ha ribadito \u201cla centralit\u00e0 della sanit\u00e0 privata convenzionata, che \u00e8 a tutti gli effetti un pezzo della sanit\u00e0 pubblica, opera con i criteri e le regole della sanit\u00e0 pubblica, costa molto meno e spesso \u00e8 pi\u00f9 efficace. Ne abbiamo evidenza e prove\u201d.&nbsp;<\/p>\n\n\n\n<p>Per mancanza dell\u2019allegato e soprattutto per l\u2019assenza dell\u2019assessore Doria la commissione ha invece rinviato l\u2019esame del parere 270 sulla rideterminazione delle tariffe della riabilitazione territoriale. \u00c8 intervenuto ancora Schirru per chiedere all\u2019assessorato alla Sanit\u00e0 di \u201caprire il convenzionamento ai privati che operano nella riabilitazione cardiologica, per evitare monopoli e la fuga oltre Tirreno\u201d. Com<\/p>\n","protected":false},"excerpt":{"rendered":"<p>Cagliari, 25 Ott 2023 &#8211; Radiografie, esami di laboratori: sono centinaia di migliaia di prestazioni sanitarie erogate dalle strutture sanitarie private convenzionati ma le tariffe&#8230;<\/p>\n","protected":false},"author":2,"featured_media":239400,"comment_status":"closed","ping_status":"open","sticky":false,"template":"","format":"standard","meta":[],"categories":[49,52],"tags":[],"_links":{"self":[{"href":"https:\/\/www.cronacaonline.it\/index.php\/wp-json\/wp\/v2\/posts\/241665"}],"collection":[{"href":"https:\/\/www.cronacaonline.it\/index.php\/wp-json\/wp\/v2\/posts"}],"about":[{"href":"https:\/\/www.cronacaonline.it\/index.php\/wp-json\/wp\/v2\/types\/post"}],"author":[{"embeddable":true,"href":"https:\/\/www.cronacaonline.it\/index.php\/wp-json\/wp\/v2\/users\/2"}],"replies":[{"embeddable":true,"href":"https:\/\/www.cronacaonline.it\/index.php\/wp-json\/wp\/v2\/comments?post=241665"}],"version-history":[{"count":1,"href":"https:\/\/www.cronacaonline.it\/index.php\/wp-json\/wp\/v2\/posts\/241665\/revisions"}],"predecessor-version":[{"id":241666,"href":"https:\/\/www.cronacaonline.it\/index.php\/wp-json\/wp\/v2\/posts\/241665\/revisions\/241666"}],"wp:featuredmedia":[{"embeddable":true,"href":"https:\/\/www.cronacaonline.it\/index.php\/wp-json\/wp\/v2\/media\/239400"}],"wp:attachment":[{"href":"https:\/\/www.cronacaonline.it\/index.php\/wp-json\/wp\/v2\/media?parent=241665"}],"wp:term":[{"taxonomy":"category","embeddable":true,"href":"https:\/\/www.cronacaonline.it\/index.php\/wp-json\/wp\/v2\/categories?post=241665"},{"taxonomy":"post_tag","embeddable":true,"href":"https:\/\/www.cronacaonline.it\/index.php\/wp-json\/wp\/v2\/tags?post=241665"}],"curies":[{"name":"wp","href":"https:\/\/api.w.org\/{rel}","templated":true}]}}