{"id":241658,"date":"2023-10-25T12:15:29","date_gmt":"2023-10-25T10:15:29","guid":{"rendered":"https:\/\/www.cronacaonline.it\/?p=241658"},"modified":"2023-10-25T12:15:32","modified_gmt":"2023-10-25T10:15:32","slug":"peste-suina-in-sardegna-la-commissione-europea-riconosce-leradicazione-sul-cinghiale-il-presidente-sardegna-lisola-esempio-virtuoso-nella-lotta-al-virus","status":"publish","type":"post","link":"https:\/\/www.cronacaonline.it\/index.php\/2023\/10\/25\/peste-suina-in-sardegna-la-commissione-europea-riconosce-leradicazione-sul-cinghiale-il-presidente-sardegna-lisola-esempio-virtuoso-nella-lotta-al-virus\/","title":{"rendered":"Peste suina, in Sardegna la commissione europea riconosce l\u2019eradicazione sul cinghiale. Il presidente Sardegna: \u201cl\u2019isola esempio virtuoso nella lotta al virus\u201d."},"content":{"rendered":"\n<p>Cagliari, 25 Ott 2023\u00a0- La Commissione europea ha riconosciuto ufficialmente l\u2019eradicazione della peste suina africana dal cinghiale su tutto il territorio sardo. La proposta \u00e8 stata votata venerd\u00ec scorso a unanimit\u00e0 dai rappresentanti degli stati membri dell\u2019Unione europea e la decisione sar\u00e0 pubblicata ufficialmente nelle prossime ore. Un verdetto che ridefinisce in modo significativo la geografia delle prescrizioni ancora in vigore nell\u2019Isola, fino a oggi caratterizzata da tre zone, oltre a una zona \u2018libera\u2019 da restrizioni estesa gi\u00e0 a maggio al 62% dei Comuni della Sardegna. La decisione di Bruxelles cancella infatti la \u2018zona 2\u2019 (del selvatico) e restringe la \u2018zona 1\u2019 (la cosiddetta zona cuscinetto, ora ridotta a 35 Comuni) al solo perimetro attorno alla \u2018zona 3\u2019 (zona in fase di regolarizzazione sul piano dei suini non censiti), che rimane invariata per dodici Comuni della Sardegna centro-orientale e a cui si aggiunge una zona di restrizioni, in vigore fino al 22 dicembre, sui territori interessati dal recente focolaio \u2018di importazione\u2019 del genotipo 2 in un allevamento a Dorgali, prontamente gestito dall\u2019Unit\u00e0 di progetto.<\/p>\n\n\n\n<p>Le aree completamente libere in cui non sar\u00e0 pi\u00f9 necessario il ricorso alle deroghe per la movimentazione degli animali, delle carni o per la caccia, passano cos\u00ec a oltre l\u201985% del territorio, per un totale di 330 Comuni.<\/p>\n\n\n\n<p>\u201cIl riconoscimento a livello comunitario dell\u2019eradicazione del genotipo 1 della peste suina nel selvatico, che in Sardegna circolava da oltre quarant\u2019anni, rappresenta un traguardo storico a coronamento del grande lavoro portato avanti nell\u2019Isola su questo fronte. Un risultato che assume ancora pi\u00f9 rilevanza in un momento in cui, ovunque, a livello nazionale ed europeo, la peste suina continua a rappresentare una piaga. La Sardegna ha dimostrato che quella contro il virus \u00e8 una battaglia che si pu\u00f2 vincere e siamo orgogliosi che questo messaggio di speranza, al mondo, arrivi dal nostro territorio\u201d.<\/p>\n\n\n\n<p>Una lotta, quella intrapresa nell\u2019Isola contro la peste suina africana, che arriva a un punto di svolta nel 2021, in seguito all\u2019audit della Commissione europea da cui partiranno le osservazioni che, porteranno la Sardegna al potenziamento della sorveglianza sanitaria, all\u2019estensione del censimento degli animali, fino all\u2019implementazione dei pi\u00f9 moderni strumenti di condivisione delle informazioni e dei dati tra la Regione, il Ministero della Salute e Bruxelles. Azioni rese possibile anche grazie a una collaborazione sinergica di diverse forze in campo, dal Ministero della Salute, all\u2019Istituto zooprofilattico e i servizi veterinari delle Asl, passando per l\u2019Agenzia Forestas, il Corpo Forestale e di vigilanza ambientale, le associazioni di categoria degli allevatori, le associazioni venatorie e cinofile e le amministrazioni locali su tutto il territorio. Lo dichiara il Presidente della Regione Sardegna, che oggi, nel corso di una conferenza stampa a Villa Devoto, ha presentato la decisione della Commissione europea insieme all\u2019assessore della Sanit\u00e0, Carlo Doria, e il responsabile dell\u2019Unit\u00e0 di progetto per l\u2019eradicazione della peste suina, Giovanni Filippini.<\/p>\n\n\n\n<p>\u201cLa gestione della malattia nell\u2019isola - spiega l\u2019assessore Doria - \u00e8 sensibilmente migliorata, sia in termini epidemiologici, con la notifica di un numero di focolai di malattia in continuo decremento, sia in termini di risoluzione di molte criticit\u00e0 organizzative che avevano ostacolato o rallentato l\u2019eradicazione della malattia. Negli ultimi tre anni sono stati compiuti notevoli passi in avanti che hanno permesso alla Sardegna di ottenere formalmente il riconoscimento del suo percorso di eradicazione. Un percorso che lo scorso dicembre ha portato alla fine di un lungo embargo e che a maggio ha visto ulteriormente aumentare il numero dei territori nella zona \u2018libera\u2019. Il risultato odierno \u00e8 frutto di un impegno che non si \u00e8 mai interrotto e che proseguir\u00e0 fino alla completa alla rimozione delle ultime restrizioni e anche oltre, per garantire la sicurezza di un settore, quello suinicolo, che in Sardegna pu\u00f2 esprimere un grande potenziale. A questo fine, per garantire il potenziamento per il potenziamento dei servizi veterinari in risposta alle azioni previste nel piano di mitigazione del rischio PSA genotipo 2 abbiamo previsto uno stanziamento nella prossima variazione di bilancio di 2.437.000 euro per il 2023 e 2024 e 1.950.00 per il 2025\u201d. Com<\/p>\n","protected":false},"excerpt":{"rendered":"<p>Cagliari, 25 Ott 2023\u00a0&#8211; La Commissione europea ha riconosciuto ufficialmente l\u2019eradicazione della peste suina africana dal cinghiale su tutto il territorio sardo. La proposta \u00e8&#8230;<\/p>\n","protected":false},"author":2,"featured_media":152412,"comment_status":"closed","ping_status":"open","sticky":false,"template":"","format":"standard","meta":[],"categories":[49,52],"tags":[],"_links":{"self":[{"href":"https:\/\/www.cronacaonline.it\/index.php\/wp-json\/wp\/v2\/posts\/241658"}],"collection":[{"href":"https:\/\/www.cronacaonline.it\/index.php\/wp-json\/wp\/v2\/posts"}],"about":[{"href":"https:\/\/www.cronacaonline.it\/index.php\/wp-json\/wp\/v2\/types\/post"}],"author":[{"embeddable":true,"href":"https:\/\/www.cronacaonline.it\/index.php\/wp-json\/wp\/v2\/users\/2"}],"replies":[{"embeddable":true,"href":"https:\/\/www.cronacaonline.it\/index.php\/wp-json\/wp\/v2\/comments?post=241658"}],"version-history":[{"count":1,"href":"https:\/\/www.cronacaonline.it\/index.php\/wp-json\/wp\/v2\/posts\/241658\/revisions"}],"predecessor-version":[{"id":241659,"href":"https:\/\/www.cronacaonline.it\/index.php\/wp-json\/wp\/v2\/posts\/241658\/revisions\/241659"}],"wp:featuredmedia":[{"embeddable":true,"href":"https:\/\/www.cronacaonline.it\/index.php\/wp-json\/wp\/v2\/media\/152412"}],"wp:attachment":[{"href":"https:\/\/www.cronacaonline.it\/index.php\/wp-json\/wp\/v2\/media?parent=241658"}],"wp:term":[{"taxonomy":"category","embeddable":true,"href":"https:\/\/www.cronacaonline.it\/index.php\/wp-json\/wp\/v2\/categories?post=241658"},{"taxonomy":"post_tag","embeddable":true,"href":"https:\/\/www.cronacaonline.it\/index.php\/wp-json\/wp\/v2\/tags?post=241658"}],"curies":[{"name":"wp","href":"https:\/\/api.w.org\/{rel}","templated":true}]}}