{"id":241627,"date":"2023-10-24T19:48:39","date_gmt":"2023-10-24T17:48:39","guid":{"rendered":"https:\/\/www.cronacaonline.it\/?p=241627"},"modified":"2023-10-24T19:48:43","modified_gmt":"2023-10-24T17:48:43","slug":"consiglio-sardegna-domani-si-riuniscono-le-commissioni-sanita-e-attivita-produttive","status":"publish","type":"post","link":"https:\/\/www.cronacaonline.it\/index.php\/2023\/10\/24\/consiglio-sardegna-domani-si-riuniscono-le-commissioni-sanita-e-attivita-produttive\/","title":{"rendered":"Consiglio Sardegna &#8211; Domani si riuniscono le commissioni Sanit\u00e0 e Attivit\u00e0 Produttive."},"content":{"rendered":"\n<p>Cagliari, 24 Ott 2023 \u2013 Su espressa deroga del presidente del Consiglio, la Quinta Commissione \u201cAttivit\u00e0 Produttive\u201d \u00e8 convocata per domani 25 ottobre, alle 17.30, per l\u2019esame degli emendamenti alla proposta di legge n.42 (Riordino del comparto ippico della Sardegna). Prevista l\u2019audizione del direttore generale di Agris.<\/p>\n\n\n\n<p>Confermata per domani, alle 10, la seduta della Sesta Commissione \u201cSanit\u00e0\u201d, In programma, l\u2019audizione dell\u2019assessore alla Sanit\u00e0 Carlo Doria sulla rimodulazione delle tariffe della riabilitazione territoriale. La Commissione sentir\u00e0 inoltre una rappresentanza della Confapi sulle criticit\u00e0 della sanit\u00e0 privata accreditata e una delegazione dell\u2019Associazione sindacale operatori sanitari, Mednet, in merito alle tariffe dei nuovi Lea inseriti nel Decreto del Ministero della Salute del 23 giugno 2023. Com<\/p>\n","protected":false},"excerpt":{"rendered":"<p>Cagliari, 24 Ott 2023 \u2013 Su espressa deroga del presidente del Consiglio, la Quinta Commissione \u201cAttivit\u00e0 Produttive\u201d \u00e8 convocata per domani 25 ottobre, alle 17.30,&#8230;<\/p>\n","protected":false},"author":2,"featured_media":239399,"comment_status":"closed","ping_status":"open","sticky":false,"template":"","format":"standard","meta":[],"categories":[49,52],"tags":[],"_links":{"self":[{"href":"https:\/\/www.cronacaonline.it\/index.php\/wp-json\/wp\/v2\/posts\/241627"}],"collection":[{"href":"https:\/\/www.cronacaonline.it\/index.php\/wp-json\/wp\/v2\/posts"}],"about":[{"href":"https:\/\/www.cronacaonline.it\/index.php\/wp-json\/wp\/v2\/types\/post"}],"author":[{"embeddable":true,"href":"https:\/\/www.cronacaonline.it\/index.php\/wp-json\/wp\/v2\/users\/2"}],"replies":[{"embeddable":true,"href":"https:\/\/www.cronacaonline.it\/index.php\/wp-json\/wp\/v2\/comments?post=241627"}],"version-history":[{"count":1,"href":"https:\/\/www.cronacaonline.it\/index.php\/wp-json\/wp\/v2\/posts\/241627\/revisions"}],"predecessor-version":[{"id":241629,"href":"https:\/\/www.cronacaonline.it\/index.php\/wp-json\/wp\/v2\/posts\/241627\/revisions\/241629"}],"wp:featuredmedia":[{"embeddable":true,"href":"https:\/\/www.cronacaonline.it\/index.php\/wp-json\/wp\/v2\/media\/239399"}],"wp:attachment":[{"href":"https:\/\/www.cronacaonline.it\/index.php\/wp-json\/wp\/v2\/media?parent=241627"}],"wp:term":[{"taxonomy":"category","embeddable":true,"href":"https:\/\/www.cronacaonline.it\/index.php\/wp-json\/wp\/v2\/categories?post=241627"},{"taxonomy":"post_tag","embeddable":true,"href":"https:\/\/www.cronacaonline.it\/index.php\/wp-json\/wp\/v2\/tags?post=241627"}],"curies":[{"name":"wp","href":"https:\/\/api.w.org\/{rel}","templated":true}]}}