{"id":241623,"date":"2023-10-24T17:43:50","date_gmt":"2023-10-24T15:43:50","guid":{"rendered":"https:\/\/www.cronacaonline.it\/?p=241623"},"modified":"2023-10-24T17:43:53","modified_gmt":"2023-10-24T15:43:53","slug":"il-gruppo-pd-e-tutta-lopposizione-in-consiglio-regionale-intervengono-in-merito-alla-vicenda-della-nomina-del-direttore-dei-servizi-socio-sanitari-nella-asl-gallura","status":"publish","type":"post","link":"https:\/\/www.cronacaonline.it\/index.php\/2023\/10\/24\/il-gruppo-pd-e-tutta-lopposizione-in-consiglio-regionale-intervengono-in-merito-alla-vicenda-della-nomina-del-direttore-dei-servizi-socio-sanitari-nella-asl-gallura\/","title":{"rendered":"Il gruppo Pd e tutta l\u2019opposizione in Consiglio Regionale intervengono in merito alla vicenda della nomina del Direttore dei servizi socio sanitari nella Asl Gallura\u201d."},"content":{"rendered":"\n<p>Cagliari, 24 Ott 2\u201923 - Quanto accaduto con la nomina del Direttore dei servizi socio sanitari nella Asl Gallura, \u00e8 la dimostrazione della mancanza di pudore di un centrodestra che intende la politica come occupazione manu militari di ogni ruolo, di ogni casella, spesso in barba alle leggi che disattende o tenta di piegare al proprio interesse\u201d afferma Giuseppe Meloni che, con il collega Roberto Li Gioi, aveva gi\u00e0 presentato un accesso agli atti riguardo la nomina.<\/p>\n\n\n\n<p>Il secondo atto dovuto \u00e8 l\u2019interrogazione al presidente della Regione sarda e all\u2019Assessore regionale alla sanit\u00e0, con la quale si chiede conto sia della prima delibera di nomina, a firma del Dg della Asl Gallura, sia della successiva delibera del medesimo Dg che rinvia la questione al Dipartimento funzione pubblica e che \u201c\u00e8 arrivata, si noti la casualit\u00e0, dopo la richiesta di accesso agli atti, recependo, in buona sostanza, tutte le perplessit\u00e0 che il conferimento dell\u2019incarico ha sollevato\u201d prosegue Meloni.<\/p>\n\n\n\n<p>Il Gruppo Pd, unitamente alla minoranza tutta del Consiglio Regionale, sollecita la Giunta a \u201cchiarire in merito alla vicenda e anche rispetto alla propria manifesta inadeguatezza, in quanto la delibera di revoca delle precedenti in materia di elenchi regionali idonei alle nomine di direttore sanitario, dei servizi socio sanitari e amministrativo, fa acqua da ogni riga\u201d. \u201cEmerge in tutta la sua evidenza\u201d, conclude Meloni, \u201cl\u2019incapacit\u00e0 di coloro che sono stati chiamati a governare (male, anzi malissimo!) la sanit\u00e0 gallurese e sarda. Un combinato disposto, quello dell\u2019inadeguatezza e dell\u2019incapacit\u00e0, messo in atto in tutta la legislatura dal centrodestra alla guida delle regione, che ha ridotto la Sardegna a terra di conquista per i mediocri, e che non garantisce diritti e opportunit\u00e0 se non ai propri amici e agli amici degli amici. Com<\/p>\n","protected":false},"excerpt":{"rendered":"<p>Cagliari, 24 Ott 2\u201923 &#8211; Quanto accaduto con la nomina del Direttore dei servizi socio sanitari nella Asl Gallura, \u00e8 la dimostrazione della mancanza di&#8230;<\/p>\n","protected":false},"author":2,"featured_media":7831,"comment_status":"closed","ping_status":"open","sticky":false,"template":"","format":"standard","meta":[],"categories":[49,52],"tags":[],"_links":{"self":[{"href":"https:\/\/www.cronacaonline.it\/index.php\/wp-json\/wp\/v2\/posts\/241623"}],"collection":[{"href":"https:\/\/www.cronacaonline.it\/index.php\/wp-json\/wp\/v2\/posts"}],"about":[{"href":"https:\/\/www.cronacaonline.it\/index.php\/wp-json\/wp\/v2\/types\/post"}],"author":[{"embeddable":true,"href":"https:\/\/www.cronacaonline.it\/index.php\/wp-json\/wp\/v2\/users\/2"}],"replies":[{"embeddable":true,"href":"https:\/\/www.cronacaonline.it\/index.php\/wp-json\/wp\/v2\/comments?post=241623"}],"version-history":[{"count":1,"href":"https:\/\/www.cronacaonline.it\/index.php\/wp-json\/wp\/v2\/posts\/241623\/revisions"}],"predecessor-version":[{"id":241624,"href":"https:\/\/www.cronacaonline.it\/index.php\/wp-json\/wp\/v2\/posts\/241623\/revisions\/241624"}],"wp:featuredmedia":[{"embeddable":true,"href":"https:\/\/www.cronacaonline.it\/index.php\/wp-json\/wp\/v2\/media\/7831"}],"wp:attachment":[{"href":"https:\/\/www.cronacaonline.it\/index.php\/wp-json\/wp\/v2\/media?parent=241623"}],"wp:term":[{"taxonomy":"category","embeddable":true,"href":"https:\/\/www.cronacaonline.it\/index.php\/wp-json\/wp\/v2\/categories?post=241623"},{"taxonomy":"post_tag","embeddable":true,"href":"https:\/\/www.cronacaonline.it\/index.php\/wp-json\/wp\/v2\/tags?post=241623"}],"curies":[{"name":"wp","href":"https:\/\/api.w.org\/{rel}","templated":true}]}}