{"id":241621,"date":"2023-10-24T16:51:44","date_gmt":"2023-10-24T14:51:44","guid":{"rendered":"https:\/\/www.cronacaonline.it\/?p=241621"},"modified":"2023-10-24T16:51:46","modified_gmt":"2023-10-24T14:51:46","slug":"commissioni-mediche-lassessore-doria-incontra-le-associazioni-degli-invalidi-alle-asl-chiesta-la-piena-aderenza-alle-norme-nellinteresse-dei-cittadini","status":"publish","type":"post","link":"https:\/\/www.cronacaonline.it\/index.php\/2023\/10\/24\/commissioni-mediche-lassessore-doria-incontra-le-associazioni-degli-invalidi-alle-asl-chiesta-la-piena-aderenza-alle-norme-nellinteresse-dei-cittadini\/","title":{"rendered":"Commissioni mediche, l\u2019assessore Doria incontra le associazioni degli invalidi: \u201calle Asl chiesta la piena aderenza alle norme, nell\u2019interesse dei cittadini\u201d."},"content":{"rendered":"\n<p>Cagliari, 24 Ott 2023 \u2013\u00a0L\u2019assessore della Sanit\u00e0, Carlo Doria, ha incontrato i presidenti regionali della Fand, federazione tra le associazioni nazionali delle persone con disabilit\u00e0, Pasquale Francesco Bosu, e dell\u2019Anmic, associazione nazionale invalidi civili, Fabrizio Rodin, per un confronto sul delicato tema dei tempi d\u2019attesa per il disbrigo delle pratiche da parte delle commissioni mediche in capo alle Asl.<\/p>\n\n\n\n<p>\u201c\u00c8 stato un incontro costruttivo \u2013 dichiara l\u2019assessore Doria che ha risposto a una precisa richiesta da parte delle associazioni \u2013 ed \u00e8 stata anche un\u2019occasione per fare chiarezza. L\u2019attivit\u00e0 delle commissioni mediche rientra nei Lea, i Livelli essenziali d\u2019assistenza. La legge indica precise tempistiche a riguardo e i cittadini hanno il diritto di ottenere risposte entro quanto stabilito dalla normativa vigente. La stessa legge nazionale disciplina il funzionamento delle commissioni mediche e le linee guida recentemente approvate dalla Giunta, e rivolte alle Asl, non fanno altro che richiamare la norma\u201d.<\/p>\n\n\n\n<p>\u201cCon il provvedimento della Giunta \u2013 precisa l\u2019assessore \u2013 non abbiamo fatto altro che ricalcare quanto disciplinato a livello nazionale. Le commissioni devono essere riunite durante l\u2019orario di servizio dei medici, ma questo non toglie che possano svolgere la propria attivit\u00e0 anche al di fuori di tale orario, qualora questa esigenza, motivata dalla carenza di personale, sia certificata dalla Asl. In questa circostanza abbiamo previsto la remunerazione con un gettone che abbiamo portato da 60 a 120 euro, a cui si aggiungono 12 euro per ogni pratica esaminata\u201d.<\/p>\n\n\n\n<p>&nbsp;\u201cI ritardi purtroppo ci sono sempre stati e trovano ragione in larga parte nelle carenze contro le quali combattiamo ogni giorno. Ci\u00f2 che osserviamo oggi nell\u2019attivit\u00e0 delle commissioni sono rallentamenti che si verificano a macchia di leopardo sul territorio. Nella Asl di Sassari, dove la prassi \u00e8 sempre stata quella delle prevista nelle linee guida, ancor prima che venissero adottate, la situazione \u00e8 nella norma. Questo a dimostrazione che i disservizi non possono certo derivare dal rispetto della legge, la cui applicazione spetta alle Asl. Oggi abbiamo chiesto alle associazioni di segnalarci in maniera puntuale le anomalie rilevate, questo ci fornir\u00e0 uno strumento in pi\u00f9 per intervenire sulle Asl, comprendere meglio le ragioni e intervenire in modo in modo puntuale. Un invito che \u00e8 stato accolto favorevolmente\u201d, conclude l\u2019assessore Doria. Com<\/p>\n","protected":false},"excerpt":{"rendered":"<p>Cagliari, 24 Ott 2023 \u2013\u00a0L\u2019assessore della Sanit\u00e0, Carlo Doria, ha incontrato i presidenti regionali della Fand, federazione tra le associazioni nazionali delle persone con disabilit\u00e0,&#8230;<\/p>\n","protected":false},"author":2,"featured_media":239855,"comment_status":"closed","ping_status":"open","sticky":false,"template":"","format":"standard","meta":[],"categories":[49,52],"tags":[],"_links":{"self":[{"href":"https:\/\/www.cronacaonline.it\/index.php\/wp-json\/wp\/v2\/posts\/241621"}],"collection":[{"href":"https:\/\/www.cronacaonline.it\/index.php\/wp-json\/wp\/v2\/posts"}],"about":[{"href":"https:\/\/www.cronacaonline.it\/index.php\/wp-json\/wp\/v2\/types\/post"}],"author":[{"embeddable":true,"href":"https:\/\/www.cronacaonline.it\/index.php\/wp-json\/wp\/v2\/users\/2"}],"replies":[{"embeddable":true,"href":"https:\/\/www.cronacaonline.it\/index.php\/wp-json\/wp\/v2\/comments?post=241621"}],"version-history":[{"count":1,"href":"https:\/\/www.cronacaonline.it\/index.php\/wp-json\/wp\/v2\/posts\/241621\/revisions"}],"predecessor-version":[{"id":241622,"href":"https:\/\/www.cronacaonline.it\/index.php\/wp-json\/wp\/v2\/posts\/241621\/revisions\/241622"}],"wp:featuredmedia":[{"embeddable":true,"href":"https:\/\/www.cronacaonline.it\/index.php\/wp-json\/wp\/v2\/media\/239855"}],"wp:attachment":[{"href":"https:\/\/www.cronacaonline.it\/index.php\/wp-json\/wp\/v2\/media?parent=241621"}],"wp:term":[{"taxonomy":"category","embeddable":true,"href":"https:\/\/www.cronacaonline.it\/index.php\/wp-json\/wp\/v2\/categories?post=241621"},{"taxonomy":"post_tag","embeddable":true,"href":"https:\/\/www.cronacaonline.it\/index.php\/wp-json\/wp\/v2\/tags?post=241621"}],"curies":[{"name":"wp","href":"https:\/\/api.w.org\/{rel}","templated":true}]}}