{"id":241615,"date":"2023-10-24T15:29:53","date_gmt":"2023-10-24T13:29:53","guid":{"rendered":"https:\/\/www.cronacaonline.it\/?p=241615"},"modified":"2023-10-24T15:29:57","modified_gmt":"2023-10-24T13:29:57","slug":"gal-presentato-lavviso-per-la-selezione-delle-strategie-di-sviluppo-locale-di-tipo-partecipativo-lassessore-lai-ripensare-insieme-il-nostro-futuro-riscoprire-le","status":"publish","type":"post","link":"https:\/\/www.cronacaonline.it\/index.php\/2023\/10\/24\/gal-presentato-lavviso-per-la-selezione-delle-strategie-di-sviluppo-locale-di-tipo-partecipativo-lassessore-lai-ripensare-insieme-il-nostro-futuro-riscoprire-le\/","title":{"rendered":"Gal. Presentato l\u2019avviso per la selezione delle strategie di sviluppo locale di tipo partecipativo. L\u2019assessore Lai: \u201cripensare insieme il nostro futuro, riscoprire l\u2019economia identitaria\u201d."},"content":{"rendered":"\n<p>Massama (Or), 24 Ott 2023 -\u00a0\u00a0L\u2019Avviso pubblico congiunto per la selezione delle Strategie di sviluppo locale di tipo partecipativo, approvato e pubblicato dagli assessorati dell'Agricoltura e del Lavoro, \u00e8 stato presentato stamane, nella sede territoriale di Forestas, localit\u00e0 Campulongu, frazione di Massama (Oristano), dalle Autorit\u00e0 di Gestione del Pr Fse+ e del Comitato di monitoraggio del complemento regionale per lo sviluppo rurale della Sardegna (Csr).<\/p>\n\n\n\n<p>\u201cUna giornata importante, un passo fondamentale verso un nuovo modo di fare rete - afferma l\u2019Assessore regionale del Lavoro, Ada Lai - Un avviso congiunto con l\u2019Assessorato dell\u2019agricoltura per lo sviluppo delle zone rurali per contrastare il fenomeno dello spopolamento e il divario esistente tra le zone urbane e rurali, con particolare riguardo alle infrastrutture, all\u2019occupazione, alla formazione, alla povert\u00e0, all'inclusione sociale, alla parit\u00e0 di genere e al sostegno alle persone vulnerabili\u201d.<\/p>\n\n\n\n<p>Lo scorso mese di luglio la Giunta regionale ha approvato la delibera che mette in campo 30.000.000 milioni di euro per le azioni di sviluppo locale di tipo partecipativo attuato dai Gal,&nbsp;&nbsp;e definisce i&nbsp;&nbsp;criteri di ripartizione delle risorse e i settori di intervento, tra cui il turismo, la cultura, l\u2019ambiente, l\u2019agroalimentare, l\u2019inclusione e l\u2019innovazione sociale, nonch\u00e9 gli indirizzi per l'attuazione del processo di sviluppo locale di tipo partecipativo (Clld) e la tempistica per la selezione delle strategie.<\/p>\n\n\n\n<p>\u201cAl momento - sottolinea l\u2019assessore - la Sardegna \u00e8 l\u2019unica regione in Italia ad aver attuato nel suo programma FSE+ il Clld, per il quale abbiamo stanziato ben 42 milioni di euro. Uno stanziamento importante per ripensare insieme&nbsp;il nostro modello economico. Dobbiamo avere una visione pi\u00f9 integrata con i territori - conclude - riscoprire un\u2019economia identitaria, fondata sull'agroalimentare, l\u2019artigianato, le attivit\u00e0 manifatturiere, il turismo, le tradizioni e un sistema di accoglienza diffuso, per rivitalizzare le zone interne, fermare lo spopolamento e promuovere l\u2019occupazione. Imparare a consorziarsi, a dialogare, lavorare e fare insieme. Le comunit\u00e0 devono tornare ad essere protagoniste, scegliere, progettare il loro futuro\u201d.<\/p>\n\n\n\n<p>Il Bando \u00e8 rivolto ai Gal, Gruppi di Azione Locale, confermati nell'ambito del Piano strategico della PAC 2023\/2027, ovvero i Gal gi\u00e0 operanti nella programmazione 2014-2022, selezionati dalla Regione Sardegna nel corso della Programmazione 2014-2022. I Gal potranno presentare le proprie candidature per la selezione delle Strategie attraverso la procedura telematica disponibile nell\u2019area riservata sul portale \"Sardegna Lavoro\". I Dossier di Candidatura Telematica (DCT) dovranno essere presentati a partire dalle ore 09.00 del 10 novembre 2023 ed entro le ore 23.59 del 15 dicembre 2023.&nbsp;Com<\/p>\n","protected":false},"excerpt":{"rendered":"<p>Massama (Or), 24 Ott 2023 &#8211;\u00a0\u00a0L\u2019Avviso pubblico congiunto per la selezione delle Strategie di sviluppo locale di tipo partecipativo, approvato e pubblicato dagli assessorati dell&#8217;Agricoltura&#8230;<\/p>\n","protected":false},"author":2,"featured_media":241616,"comment_status":"closed","ping_status":"open","sticky":false,"template":"","format":"standard","meta":[],"categories":[49,52],"tags":[],"_links":{"self":[{"href":"https:\/\/www.cronacaonline.it\/index.php\/wp-json\/wp\/v2\/posts\/241615"}],"collection":[{"href":"https:\/\/www.cronacaonline.it\/index.php\/wp-json\/wp\/v2\/posts"}],"about":[{"href":"https:\/\/www.cronacaonline.it\/index.php\/wp-json\/wp\/v2\/types\/post"}],"author":[{"embeddable":true,"href":"https:\/\/www.cronacaonline.it\/index.php\/wp-json\/wp\/v2\/users\/2"}],"replies":[{"embeddable":true,"href":"https:\/\/www.cronacaonline.it\/index.php\/wp-json\/wp\/v2\/comments?post=241615"}],"version-history":[{"count":1,"href":"https:\/\/www.cronacaonline.it\/index.php\/wp-json\/wp\/v2\/posts\/241615\/revisions"}],"predecessor-version":[{"id":241617,"href":"https:\/\/www.cronacaonline.it\/index.php\/wp-json\/wp\/v2\/posts\/241615\/revisions\/241617"}],"wp:featuredmedia":[{"embeddable":true,"href":"https:\/\/www.cronacaonline.it\/index.php\/wp-json\/wp\/v2\/media\/241616"}],"wp:attachment":[{"href":"https:\/\/www.cronacaonline.it\/index.php\/wp-json\/wp\/v2\/media?parent=241615"}],"wp:term":[{"taxonomy":"category","embeddable":true,"href":"https:\/\/www.cronacaonline.it\/index.php\/wp-json\/wp\/v2\/categories?post=241615"},{"taxonomy":"post_tag","embeddable":true,"href":"https:\/\/www.cronacaonline.it\/index.php\/wp-json\/wp\/v2\/tags?post=241615"}],"curies":[{"name":"wp","href":"https:\/\/api.w.org\/{rel}","templated":true}]}}