{"id":241613,"date":"2023-10-24T15:25:51","date_gmt":"2023-10-24T13:25:51","guid":{"rendered":"https:\/\/www.cronacaonline.it\/?p=241613"},"modified":"2023-10-24T15:25:54","modified_gmt":"2023-10-24T13:25:54","slug":"ambiente-progetto-internazionale-med4waste-assessore-porcu-la-sardegna-si-candida-come-punto-di-riferimento-nel-mediterraneo-nel-campo-della-gestione-dei-rifiuti","status":"publish","type":"post","link":"https:\/\/www.cronacaonline.it\/index.php\/2023\/10\/24\/ambiente-progetto-internazionale-med4waste-assessore-porcu-la-sardegna-si-candida-come-punto-di-riferimento-nel-mediterraneo-nel-campo-della-gestione-dei-rifiuti\/","title":{"rendered":"Ambiente, progetto internazionale \u201cmed4waste\u201d. Assessore Porcu: \u2018la Sardegna si candida come punto di riferimento nel mediterraneo nel campo della gestione dei rifiuti\u2019."},"content":{"rendered":"\n<p>Cagliari, 24 Ott 2023\u00a0\u2013 \u201cLa Sardegna si candida come punto di riferimento nel Mediterraneo nel campo della gestione dei rifiuti. Grazie ad un lavoro ormai ventennale portato avanti dall\u2019Amministrazione regionale, in particolare nell\u2019implementazione del sistema nell\u2019intero territorio e nella raccolta differenziata, abbiamo raggiunto obiettivi importanti anche in ambito nazionale. La Sardegna, infatti, \u00e8 la seconda Regione italiana per il livello della differenziata. Un risultato possibile grazie soprattutto a due fattori: le Amministrazioni comunali hanno fatto un grande lavoro per spiegare ai cittadini l\u2019importanza della raccolta differenziata e la Regione ha creato una diffusa rete di impianti che consente la gestione del rifiuto nel luogo pi\u00f9 prossimo alla sua produzione, anche riducendo fortemente l\u2019impatto ambientale\u201d. Lo ha detto l\u2019assessore regionale della Difesa dell\u2019ambiente, Marco Porcu, nel suo intervento all\u2019apertura dell\u2019evento finale del progetto internazionale \u201cMed4Waste\u201d (\u201cMediterranean dialogue for Waste management governance\u201d), che si svolger\u00e0 a Cagliari dal 24 al 26 ottobre. All\u2019evento partecipano, oltre i rappresentanti italiani, quelli di Giordania, Grecia, Libano, Spagna e Tunisia.<\/p>\n\n\n\n<p>L\u2019obiettivo del Progetto \u00e8 quello di mettere a punto nuovi modelli di governance per politiche integrate ed efficienti di gestione dei rifiuti urbani nella regione mediterranea: \u201cSei municipalit\u00e0 di Tunisia, Libano e Giordania \u2013 ha evidenziato l\u2019assessore Porcu \u2013 sono state accompagnate nel migliorare i propri piani di gestione dei rifiuti, integrando anche buone pratiche sperimentate in altre municipalit\u00e0 del Mediterraneo\u201d.&nbsp;<\/p>\n\n\n\n<p>Med4Waste \u00e8 uno degli 80 progetti finanziati dal programma di cooperazione transnazionale \u201cEni Cbc Med\u201d, la pi\u00f9 grande iniziativa di cooperazione multilaterale in termini finanziari (209 milioni di euro) e per numero di paesi coinvolti, promossa dell\u2019Unione europea all\u2019interno della \u2018politica di vicinato\u2019.&nbsp;<\/p>\n\n\n\n<p>\u201cOvviamente, la Sardegna non deve abbassare la guardia. Abbiamo raggiunto grandi risultati anche a livello europeo, con l\u2019apprezzamento della nostra strategia per lo sviluppo sostenibile, ma per continuare in questo percorso virtuoso e migliorarlo dobbiamo trovare nuove e adeguate politiche che consentano di raggiungere gli obiettivi stabiliti dall\u2019Unione europea per il 2030 e per il 2050. Perfezioneremo anche il lavoro culturale, grazie alla collaborazione coi Comuni, da realizzare nei confronti dei cittadini per chiarire quanto sia fondamentale non solo differenziare i rifiuti, ma anche la qualit\u00e0 della differenziata. Cos\u00ec da far capire gli inevitabili vantaggi, anche economici, per le nostre comunit\u00e0\u201d, ha concluso l\u2019Assessore dell\u2019Ambiente. Com<\/p>\n","protected":false},"excerpt":{"rendered":"<p>Cagliari, 24 Ott 2023\u00a0\u2013 \u201cLa Sardegna si candida come punto di riferimento nel Mediterraneo nel campo della gestione dei rifiuti. Grazie ad un lavoro ormai&#8230;<\/p>\n","protected":false},"author":2,"featured_media":234804,"comment_status":"closed","ping_status":"open","sticky":false,"template":"","format":"standard","meta":[],"categories":[49,52],"tags":[],"_links":{"self":[{"href":"https:\/\/www.cronacaonline.it\/index.php\/wp-json\/wp\/v2\/posts\/241613"}],"collection":[{"href":"https:\/\/www.cronacaonline.it\/index.php\/wp-json\/wp\/v2\/posts"}],"about":[{"href":"https:\/\/www.cronacaonline.it\/index.php\/wp-json\/wp\/v2\/types\/post"}],"author":[{"embeddable":true,"href":"https:\/\/www.cronacaonline.it\/index.php\/wp-json\/wp\/v2\/users\/2"}],"replies":[{"embeddable":true,"href":"https:\/\/www.cronacaonline.it\/index.php\/wp-json\/wp\/v2\/comments?post=241613"}],"version-history":[{"count":1,"href":"https:\/\/www.cronacaonline.it\/index.php\/wp-json\/wp\/v2\/posts\/241613\/revisions"}],"predecessor-version":[{"id":241614,"href":"https:\/\/www.cronacaonline.it\/index.php\/wp-json\/wp\/v2\/posts\/241613\/revisions\/241614"}],"wp:featuredmedia":[{"embeddable":true,"href":"https:\/\/www.cronacaonline.it\/index.php\/wp-json\/wp\/v2\/media\/234804"}],"wp:attachment":[{"href":"https:\/\/www.cronacaonline.it\/index.php\/wp-json\/wp\/v2\/media?parent=241613"}],"wp:term":[{"taxonomy":"category","embeddable":true,"href":"https:\/\/www.cronacaonline.it\/index.php\/wp-json\/wp\/v2\/categories?post=241613"},{"taxonomy":"post_tag","embeddable":true,"href":"https:\/\/www.cronacaonline.it\/index.php\/wp-json\/wp\/v2\/tags?post=241613"}],"curies":[{"name":"wp","href":"https:\/\/api.w.org\/{rel}","templated":true}]}}