{"id":241607,"date":"2023-10-24T15:15:16","date_gmt":"2023-10-24T13:15:16","guid":{"rendered":"https:\/\/www.cronacaonline.it\/?p=241607"},"modified":"2023-10-24T15:16:26","modified_gmt":"2023-10-24T13:16:26","slug":"aeroporti-presidente-sardegna-corte-conti-conferma-legittimita-posizione-regione","status":"publish","type":"post","link":"https:\/\/www.cronacaonline.it\/index.php\/2023\/10\/24\/aeroporti-presidente-sardegna-corte-conti-conferma-legittimita-posizione-regione\/","title":{"rendered":"Aeroporti: presidente Sardegna, Corte Conti conferma legittimit\u00e0 posizione Regione."},"content":{"rendered":"\n<p>Cagliari, 24 Ott 2023\u00a0- La Regione non pu\u00f2 essere tagliata fuori dalla gestione e dal controllo degli scali sardi, parte integrante di un sistema nevralgico per tutta l\u2019Isola, e anzi ha il dovere di intervenire in difesa del diritto alla mobilit\u00e0 di tutti i sardi. Il pronunciamento della Corte dei Conti, che oltre a evidenziare criticit\u00e0 dal punto di vista della competenza degli attori principali dell\u2019operazione, ne mette in risalto anche la sostenibilit\u00e0 finanziaria, \u00e8 l\u2019ulteriore autorevole conferma della validit\u00e0 della posizione espressa dalla Regione Sarda.<\/p>\n\n\n\n<p>Lo afferma il Presidente della Regione Sardegna. La linea portata avanti dalla Giunta, sottolinea il presidente, va nella direzione giusta.<\/p>\n\n\n\n<p>Avevamo chiesto da subito chiarimenti su un\u2019operazione per la quale la Regione non \u00e8 mai stata d'accordo.\u00a0Oggi vediamo confermate dalle fonti pi\u00f9 autorevoli tutte le nostre perplessit\u00e0 e contrariet\u00e0. Com<\/p>\n","protected":false},"excerpt":{"rendered":"<p>Cagliari, 24 Ott 2023\u00a0&#8211; La Regione non pu\u00f2 essere tagliata fuori dalla gestione e dal controllo degli scali sardi, parte integrante di un sistema nevralgico&#8230;<\/p>\n","protected":false},"author":2,"featured_media":187128,"comment_status":"closed","ping_status":"open","sticky":false,"template":"","format":"standard","meta":[],"categories":[49,52],"tags":[],"_links":{"self":[{"href":"https:\/\/www.cronacaonline.it\/index.php\/wp-json\/wp\/v2\/posts\/241607"}],"collection":[{"href":"https:\/\/www.cronacaonline.it\/index.php\/wp-json\/wp\/v2\/posts"}],"about":[{"href":"https:\/\/www.cronacaonline.it\/index.php\/wp-json\/wp\/v2\/types\/post"}],"author":[{"embeddable":true,"href":"https:\/\/www.cronacaonline.it\/index.php\/wp-json\/wp\/v2\/users\/2"}],"replies":[{"embeddable":true,"href":"https:\/\/www.cronacaonline.it\/index.php\/wp-json\/wp\/v2\/comments?post=241607"}],"version-history":[{"count":2,"href":"https:\/\/www.cronacaonline.it\/index.php\/wp-json\/wp\/v2\/posts\/241607\/revisions"}],"predecessor-version":[{"id":241609,"href":"https:\/\/www.cronacaonline.it\/index.php\/wp-json\/wp\/v2\/posts\/241607\/revisions\/241609"}],"wp:featuredmedia":[{"embeddable":true,"href":"https:\/\/www.cronacaonline.it\/index.php\/wp-json\/wp\/v2\/media\/187128"}],"wp:attachment":[{"href":"https:\/\/www.cronacaonline.it\/index.php\/wp-json\/wp\/v2\/media?parent=241607"}],"wp:term":[{"taxonomy":"category","embeddable":true,"href":"https:\/\/www.cronacaonline.it\/index.php\/wp-json\/wp\/v2\/categories?post=241607"},{"taxonomy":"post_tag","embeddable":true,"href":"https:\/\/www.cronacaonline.it\/index.php\/wp-json\/wp\/v2\/tags?post=241607"}],"curies":[{"name":"wp","href":"https:\/\/api.w.org\/{rel}","templated":true}]}}