{"id":241533,"date":"2023-10-20T19:41:49","date_gmt":"2023-10-20T17:41:49","guid":{"rendered":"https:\/\/www.cronacaonline.it\/?p=241533"},"modified":"2023-10-20T19:41:52","modified_gmt":"2023-10-20T17:41:52","slug":"sanita-formazione-sarda-una-due-giorni-a-cinque-stelle-superiore-nel-lussuoso-albergo-di-porto-cervo-lassessore-doria-allevento-di-federsanita-sistema-s","status":"publish","type":"post","link":"https:\/\/www.cronacaonline.it\/index.php\/2023\/10\/20\/sanita-formazione-sarda-una-due-giorni-a-cinque-stelle-superiore-nel-lussuoso-albergo-di-porto-cervo-lassessore-doria-allevento-di-federsanita-sistema-s\/","title":{"rendered":"Sanit\u00e0 formazione sarda, una due giorni a \u2018cinque stelle superiore\u2019 nel lussuoso albergo di Porto Cervo: l\u2019assessore Doria all\u2019evento di Federsanit\u00e0: \u201csistema sanitario verso il nuovo modello ospedale-territorio\u201d."},"content":{"rendered":"\n<p>Porto Cervo (SS), 20 Ott 2023 \u2013 \u201cDue giornate di lavoro importanti dove ci confrontiamo con gli stakeholder nazionali che hanno partecipato a scrivere il decreto ministeriale 77 (DM77), ovvero la riforma territoriale della sanit\u00e0 che passa cos\u00ec da una concezione \u2018ospedalocentrica\u2019 a un modello di \u2018vasi comunicanti\u2019, ospedale-territorio, che virtuosamente devono trovare un equilibrio. Dove il territorio non funziona c\u2019\u00e8 un sovraccarico degli ospedali. Lo vediamo nei pronto soccorso di tutta Italia, presi d\u2019assalto e in affanno. Una situazione che determina anche un disamoramento della classe medica e di tutti gli operatori sanitari, che pur sottopagati rispetto ad altre realt\u00e0 europee, hanno anche un carico di lavoro maggiore. \u00c8 quindi necessario applicare al meglio ci\u00f2 che \u00e8 previsto nella nuova riforma per poter razionalizzare il sistema e renderlo pi\u00f9 efficiente\u201d.<\/p>\n\n\n\n<p>Lo ha dichiarato l\u2019assessore regionale della Sanit\u00e0, Carlo Doria, che oggi, al Conference center di Porto Cervo, ha aperto i lavori dell\u2019evento formativo e di approfondimento promosso da Federsanit\u00e0 nazionale, in collaborazione con la Regione Autonoma della Sardegna, Ares Sardegna e le Universit\u00e0 di Cagliari e Sassari.<\/p>\n\n\n\n<p>Al centro dei lavori, le priorit\u00e0 del PNRR in particolare in relazione alle missioni M5 e M6 e anche M5 e M1. Tema dell\u2019evento su cui si articoleranno le due giornate: \u201cLo sviluppo delle cure primarie e dell\u2019integrazione socio sanitaria nelle aree interne nelle isole minori\u201d.&nbsp;Com<\/p>\n","protected":false},"excerpt":{"rendered":"<p>Porto Cervo (SS), 20 Ott 2023 \u2013 \u201cDue giornate di lavoro importanti dove ci confrontiamo con gli stakeholder nazionali che hanno partecipato a scrivere il&#8230;<\/p>\n","protected":false},"author":2,"featured_media":241534,"comment_status":"closed","ping_status":"open","sticky":false,"template":"","format":"standard","meta":[],"categories":[49,52],"tags":[],"_links":{"self":[{"href":"https:\/\/www.cronacaonline.it\/index.php\/wp-json\/wp\/v2\/posts\/241533"}],"collection":[{"href":"https:\/\/www.cronacaonline.it\/index.php\/wp-json\/wp\/v2\/posts"}],"about":[{"href":"https:\/\/www.cronacaonline.it\/index.php\/wp-json\/wp\/v2\/types\/post"}],"author":[{"embeddable":true,"href":"https:\/\/www.cronacaonline.it\/index.php\/wp-json\/wp\/v2\/users\/2"}],"replies":[{"embeddable":true,"href":"https:\/\/www.cronacaonline.it\/index.php\/wp-json\/wp\/v2\/comments?post=241533"}],"version-history":[{"count":1,"href":"https:\/\/www.cronacaonline.it\/index.php\/wp-json\/wp\/v2\/posts\/241533\/revisions"}],"predecessor-version":[{"id":241535,"href":"https:\/\/www.cronacaonline.it\/index.php\/wp-json\/wp\/v2\/posts\/241533\/revisions\/241535"}],"wp:featuredmedia":[{"embeddable":true,"href":"https:\/\/www.cronacaonline.it\/index.php\/wp-json\/wp\/v2\/media\/241534"}],"wp:attachment":[{"href":"https:\/\/www.cronacaonline.it\/index.php\/wp-json\/wp\/v2\/media?parent=241533"}],"wp:term":[{"taxonomy":"category","embeddable":true,"href":"https:\/\/www.cronacaonline.it\/index.php\/wp-json\/wp\/v2\/categories?post=241533"},{"taxonomy":"post_tag","embeddable":true,"href":"https:\/\/www.cronacaonline.it\/index.php\/wp-json\/wp\/v2\/tags?post=241533"}],"curies":[{"name":"wp","href":"https:\/\/api.w.org\/{rel}","templated":true}]}}