{"id":241502,"date":"2023-10-19T19:17:17","date_gmt":"2023-10-19T17:17:17","guid":{"rendered":"https:\/\/www.cronacaonline.it\/?p=241502"},"modified":"2023-10-19T19:17:20","modified_gmt":"2023-10-19T17:17:20","slug":"agricoltura-assessore-satta-i-vini-della-sardegna-all-international-wine-expo-di-chicago-in-collaborazione-con-il-vinitaly-dal-22-al-23-ottobre","status":"publish","type":"post","link":"https:\/\/www.cronacaonline.it\/index.php\/2023\/10\/19\/agricoltura-assessore-satta-i-vini-della-sardegna-all-international-wine-expo-di-chicago-in-collaborazione-con-il-vinitaly-dal-22-al-23-ottobre\/","title":{"rendered":"Agricoltura: assessore Satta, i vini della Sardegna all\u2019 \u2018International Wine Expo Di Chicago in collaborazione con il Vinitaly&#8217; dal 22 al 23 ottobre."},"content":{"rendered":"\n<p>Cagliari, 19 Ott 2023 \u2013\u00a0I grandi vini della Sardegna saranno ancora una volta protagonisti all\u2019evento di portata internazionale \u201cInternational Wine Expo Chicago in collaborazione con il Vinitaly\", in programma a Chicago nel Cinecity Studios il 22 e 23 ottobre prossimi. La Sardegna si conferma dunque ancora una volta Isola della Qualit\u00e0 e presenta in una vetrina d\u2019eccellenza, l'unicit\u00e0 e la storia millenaria dei suoi vitigni e dei suoi vini. Sono tredici le cantine sarde che rappresenteranno l'eccellenza della produzione isolana negli spazi dedicati alla \"Collettiva Sardegna\", voluta dalla Regione attraverso l\u2019Assessorato dell\u2019Agricoltura e curata da Laore Sardegna. L\u2019 International Wine Expo Chicago (IWE) quest'anno, per la prima volta realizzato in collaborazione con il Vinitaly, offre ai produttori vitivinicoli italiani un canale di incontro diretto con i buyer Usa \u2013 Midwest.<\/p>\n\n\n\n<p>\u201cDirei che la Sardegna- ha detto l\u2019Assessore Valeria Satta nel corso della presentazione dell\u2019evento -&nbsp;&nbsp;\u00e8 ormai una vetrina di eccellenze in tutto il panorama, sia nazionale che internazionale. Quindi a Chicago saremo presenti e porteremo 13 cantine della nostra amata Sardegna, dal nord al Sud dell'isola. Il mercato del vino in Sardegna sta veramente raggiungendo in rapido tempo un livello molto, molto alto. Tanti richiedono le nostre produzioni e le stesse aziende e stanno diversificando il loro prodotto con una ricerca enologica molto importante. Ringrazio l'intervento e il lavoro dell'Agenzia Laore, per il grande lavoro svolto.\u201d<\/p>\n\n\n\n<p>All\u2019interno dell\u2019International Wine Expo Chicago ci sar\u00e0 inoltre un'opportunit\u00e0 importante per le nostre aziende che attraverso incontri business to business e masterclass consentir\u00e0 a professionisti del settore ed acquirenti statunitensi e internazionali di esplorare le diverse etichette, di conoscere ed approfondire le caratteristiche delle produzioni vitivinicole sarde che si distinguono per la variet\u00e0 e l\u2019autenticit\u00e0 delle uve autoctone.<\/p>\n\n\n\n<p>La Sardegna \u00e8 la Regione che vanta il maggior numero di endemismi e vitigni autoctoni. Recentemente sono stati fatti dei ritrovamenti di vinaccioli che possono essere datati del 900 fino al 1300 avanti Cristo e questo testimonia la presenza della vite ben prima dell'arrivo dei Fenici. Com<\/p>\n","protected":false},"excerpt":{"rendered":"<p>Cagliari, 19 Ott 2023 \u2013\u00a0I grandi vini della Sardegna saranno ancora una volta protagonisti all\u2019evento di portata internazionale \u201cInternational Wine Expo Chicago in collaborazione con&#8230;<\/p>\n","protected":false},"author":2,"featured_media":241503,"comment_status":"closed","ping_status":"open","sticky":false,"template":"","format":"standard","meta":[],"categories":[49,52],"tags":[],"_links":{"self":[{"href":"https:\/\/www.cronacaonline.it\/index.php\/wp-json\/wp\/v2\/posts\/241502"}],"collection":[{"href":"https:\/\/www.cronacaonline.it\/index.php\/wp-json\/wp\/v2\/posts"}],"about":[{"href":"https:\/\/www.cronacaonline.it\/index.php\/wp-json\/wp\/v2\/types\/post"}],"author":[{"embeddable":true,"href":"https:\/\/www.cronacaonline.it\/index.php\/wp-json\/wp\/v2\/users\/2"}],"replies":[{"embeddable":true,"href":"https:\/\/www.cronacaonline.it\/index.php\/wp-json\/wp\/v2\/comments?post=241502"}],"version-history":[{"count":1,"href":"https:\/\/www.cronacaonline.it\/index.php\/wp-json\/wp\/v2\/posts\/241502\/revisions"}],"predecessor-version":[{"id":241504,"href":"https:\/\/www.cronacaonline.it\/index.php\/wp-json\/wp\/v2\/posts\/241502\/revisions\/241504"}],"wp:featuredmedia":[{"embeddable":true,"href":"https:\/\/www.cronacaonline.it\/index.php\/wp-json\/wp\/v2\/media\/241503"}],"wp:attachment":[{"href":"https:\/\/www.cronacaonline.it\/index.php\/wp-json\/wp\/v2\/media?parent=241502"}],"wp:term":[{"taxonomy":"category","embeddable":true,"href":"https:\/\/www.cronacaonline.it\/index.php\/wp-json\/wp\/v2\/categories?post=241502"},{"taxonomy":"post_tag","embeddable":true,"href":"https:\/\/www.cronacaonline.it\/index.php\/wp-json\/wp\/v2\/tags?post=241502"}],"curies":[{"name":"wp","href":"https:\/\/api.w.org\/{rel}","templated":true}]}}