{"id":241498,"date":"2023-10-19T18:06:07","date_gmt":"2023-10-19T16:06:07","guid":{"rendered":"https:\/\/www.cronacaonline.it\/?p=241498"},"modified":"2023-10-19T18:06:29","modified_gmt":"2023-10-19T16:06:29","slug":"decreto-aree-idonee-assessori-pili-e-porcu-in-conferenza-delle-regioni-lasciare-alle-regioni-spazio-per-la-programmazione-e-la-tutela-dei-territori-e-delle-loro-comunita","status":"publish","type":"post","link":"https:\/\/www.cronacaonline.it\/index.php\/2023\/10\/19\/decreto-aree-idonee-assessori-pili-e-porcu-in-conferenza-delle-regioni-lasciare-alle-regioni-spazio-per-la-programmazione-e-la-tutela-dei-territori-e-delle-loro-comunita\/","title":{"rendered":"Decreto aree idonee, assessori Pili e Porcu in conferenza delle regioni: \u201clasciare alle regioni spazio per la programmazione e la tutela dei territori e delle loro comunit\u00e0\u201d."},"content":{"rendered":"\n<p>Cagliari, 19 Ott 2023\u00a0\u2013 \u201c\u00c8 necessario che le nostre comunit\u00e0 siano davvero protagoniste della transizione energetica. Abbiamo trasferito al Ministro Pichetto Fratin un documento con le richieste di modifica del decreto: nei prossimi giorni attendiamo l\u2019esito delle verifiche da parte del Mase\u201d.<\/p>\n\n\n\n<p>Lo afferma l\u2019assessore regionale dell\u2019Industria, Anita Pili, che ieri pomeriggio a Roma ha coordinato la riunione della Commissione Energia congiunta con Ambiente, Agricoltura e tutela del paesaggio della Conferenza delle Regioni, alla presenza del Ministro dell\u2019Ambiente e della Sicurezza Energetica Gilberto Pichetto Fratin e dei rappresentanti di tutte le Regioni. Oggetto del tavolo, cui era presente anche l\u2019assessore della Difesa dell\u2019Ambiente Marco Porcu, il decreto aree idonee.&nbsp;<\/p>\n\n\n\n<p>\u201cUn momento di confronto importante \u2013 sottolinea l\u2019assessore dell\u2019Industria \u2013 in cui \u00e8 stata ribadita la necessit\u00e0 di redigere una cornice normativa che consenta alle Regioni di legiferare in materia di aree idonee contemperando l\u2019esigenza di tutela e programmazione del territorio, correttamente rivendicate dai Sindaci, e quella di sviluppo delle rinnovabili\u201d.&nbsp;<\/p>\n\n\n\n<p>\u201cAbbiamo rappresentato al ministro, il quale ha dimostrato ampia disponibilit\u00e0, l\u2019esigenza delle regioni di apportare diverse modifiche al decreto aree idonee - aggiunge l\u2019Assessore Porcu. \u00c8 importante infatti che alle Regioni sia lasciato un ampio margine di pianificazione, in accordo con le comunit\u00e0 locali, tale da tenere conto delle peculiarit\u00e0 dei territori e delle specifiche caratteristiche di produzione energetica\u201d.<\/p>\n\n\n\n<p>\u201cRimaniamo fiduciosi \u2013 conclude Pili \u2013 rispetto alla apertura e leale collaborazione istituzionale da parte del governo nazionale\u201d. Com<\/p>\n","protected":false},"excerpt":{"rendered":"<p>Cagliari, 19 Ott 2023\u00a0\u2013 \u201c\u00c8 necessario che le nostre comunit\u00e0 siano davvero protagoniste della transizione energetica. Abbiamo trasferito al Ministro Pichetto Fratin un documento con&#8230;<\/p>\n","protected":false},"author":2,"featured_media":241499,"comment_status":"closed","ping_status":"open","sticky":false,"template":"","format":"standard","meta":[],"categories":[49,52],"tags":[],"_links":{"self":[{"href":"https:\/\/www.cronacaonline.it\/index.php\/wp-json\/wp\/v2\/posts\/241498"}],"collection":[{"href":"https:\/\/www.cronacaonline.it\/index.php\/wp-json\/wp\/v2\/posts"}],"about":[{"href":"https:\/\/www.cronacaonline.it\/index.php\/wp-json\/wp\/v2\/types\/post"}],"author":[{"embeddable":true,"href":"https:\/\/www.cronacaonline.it\/index.php\/wp-json\/wp\/v2\/users\/2"}],"replies":[{"embeddable":true,"href":"https:\/\/www.cronacaonline.it\/index.php\/wp-json\/wp\/v2\/comments?post=241498"}],"version-history":[{"count":1,"href":"https:\/\/www.cronacaonline.it\/index.php\/wp-json\/wp\/v2\/posts\/241498\/revisions"}],"predecessor-version":[{"id":241500,"href":"https:\/\/www.cronacaonline.it\/index.php\/wp-json\/wp\/v2\/posts\/241498\/revisions\/241500"}],"wp:featuredmedia":[{"embeddable":true,"href":"https:\/\/www.cronacaonline.it\/index.php\/wp-json\/wp\/v2\/media\/241499"}],"wp:attachment":[{"href":"https:\/\/www.cronacaonline.it\/index.php\/wp-json\/wp\/v2\/media?parent=241498"}],"wp:term":[{"taxonomy":"category","embeddable":true,"href":"https:\/\/www.cronacaonline.it\/index.php\/wp-json\/wp\/v2\/categories?post=241498"},{"taxonomy":"post_tag","embeddable":true,"href":"https:\/\/www.cronacaonline.it\/index.php\/wp-json\/wp\/v2\/tags?post=241498"}],"curies":[{"name":"wp","href":"https:\/\/api.w.org\/{rel}","templated":true}]}}