{"id":241492,"date":"2023-10-19T16:11:54","date_gmt":"2023-10-19T14:11:54","guid":{"rendered":"https:\/\/www.cronacaonline.it\/?p=241492"},"modified":"2023-10-19T16:12:01","modified_gmt":"2023-10-19T14:12:01","slug":"commissione-pubblica-istruzione-audizioni-sulle-linee-guida-in-materia-di-dimensionamento-della-rete-scolastica-ed-offerta-formativa","status":"publish","type":"post","link":"https:\/\/www.cronacaonline.it\/index.php\/2023\/10\/19\/commissione-pubblica-istruzione-audizioni-sulle-linee-guida-in-materia-di-dimensionamento-della-rete-scolastica-ed-offerta-formativa\/","title":{"rendered":"Commissione Pubblica istruzione: audizioni sulle linee guida in materia di dimensionamento della rete scolastica ed offerta formativa."},"content":{"rendered":"\n<p>Cagliari, 19 Ott 2023 - 2023 \u2013 La commissione Pubblica istruzione, presieduta da Sara Canu (Fdi) ha dedicato un ciclo di audizioni alle problematiche riguardanti la scuola, dal dimensionamento della rete all\u2019offerta formativa, ascoltando inoltre una delegazione di docenti precari della Provincia di Nuoro.<\/p>\n\n\n\n<p>Per quanto riguarda la rete territoriale l\u2019assessore della Pubblica istruzione Andrea Biancareddu ha ribadito la volont\u00e0 del governo regionale di migliorare la qualit\u00e0 e l\u2019efficienza della scuola sarda nell\u2019interesse degli studenti e nel rispetto delle specificit\u00e0 dei territori, senza per\u00f2 nascondere che la fase di programmazione \u201cdal basso\u201d, affidata agli organismi provinciali, sta andando avanti con grande difficolt\u00e0.<\/p>\n\n\n\n<p>\u00c8 vero che la Regione, in caso di mancato accordo, ha la facolt\u00e0 di fare le correzioni necessarie, ha spiegato l\u2019assessore, ma non vorremmo trovarci in questa condizione; auspichiamo invece che tutti i soggetti interessanti affrontino una questione cos\u00ec delicata (soprattutto in una Regione come la nostra dove tutto \u00e8 complicato dalla presenza di tante specificit\u00e0) con la \u201cdiligenza del buon padre di famiglia\u201d, evitando contrapposizioni localistiche o particolari e mettendo al primo posto i diritti di chi la scuola la deve frequentare.<\/p>\n\n\n\n<p>Anche il direttore dell\u2019Ufficio scolastico regionale ha sottolineato la necessit\u00e0 di ragionare con grande equilibrio, mettendo in luce che occorre da un lato superare il tab\u00f9 di \u201cuna autonomia scolastica in ogni Comune\u201d e, dall\u2019altro, puntare su una rete razionale senza istituti n\u00e9 troppo grandi n\u00e9 troppi piccoli, anche in considerazione del fatto che il sistema \u00e8 impegnato a fondo nella realizzazione di progetti importanti, dal Pnrr al Pon.<\/p>\n\n\n\n<p>L\u2019Anci Sardegna, attraverso il presidente Emiliano Deiana, ha rivolto alla commissione ed allo stesso Consiglio un appello ad applicare fino in fondo l\u2019autonomia regionale in materia di istruzione. A nome dell\u2019associazione, ha consegnato una bozza di testo di legge in 15 articoli che dovrebbe rappresentare un \u201cponte\u201d fra la normativa attuale che comprime le specificit\u00e0 della Sardegna e quella futura, che dovr\u00e0 disciplinare in modo organico anche il settore della formazione. Il testo, in particolare, ipotizza l\u2019intervento finanziario aggiuntivo della Regione per coprire il potenziamento dei servizi sul territorio rispetto a quelli \u201cbase\u201d garantiti dalla normativa statale.<\/p>\n\n\n\n<p>La proposta, molto apprezzata dalla commissione (hanno parlato Laura Caddeo di Arv, Desir\u00e8 Manca del M5S e Salvatore Corrias del Pd) sar\u00e0 ora presentata al presidente del Consiglio ed ai capigruppo.<\/p>\n\n\n\n<p>Una delegazione di docenti precari della Provincia di Nuoro, infine, ha sottoposto alla commissione le gravi difficolt\u00e0 nell\u2019accesso alle scuole di specializzazione (e quindi all\u2019ingresso in ruolo) che in Sardegna hanno un ruolo molto marginale rispetto ad altre Regioni, anche al di l\u00e0 di ogni proporzione con la popolazione scolastica. Gli insegnanti incontreranno l\u2019assessore Biancareddu nei primi giorni della prossima settimana.<\/p>\n","protected":false},"excerpt":{"rendered":"<p>Cagliari, 19 Ott 2023 &#8211; 2023 \u2013 La commissione Pubblica istruzione, presieduta da Sara Canu (Fdi) ha dedicato un ciclo di audizioni alle problematiche riguardanti&#8230;<\/p>\n","protected":false},"author":2,"featured_media":239400,"comment_status":"closed","ping_status":"open","sticky":false,"template":"","format":"standard","meta":[],"categories":[49,52],"tags":[],"_links":{"self":[{"href":"https:\/\/www.cronacaonline.it\/index.php\/wp-json\/wp\/v2\/posts\/241492"}],"collection":[{"href":"https:\/\/www.cronacaonline.it\/index.php\/wp-json\/wp\/v2\/posts"}],"about":[{"href":"https:\/\/www.cronacaonline.it\/index.php\/wp-json\/wp\/v2\/types\/post"}],"author":[{"embeddable":true,"href":"https:\/\/www.cronacaonline.it\/index.php\/wp-json\/wp\/v2\/users\/2"}],"replies":[{"embeddable":true,"href":"https:\/\/www.cronacaonline.it\/index.php\/wp-json\/wp\/v2\/comments?post=241492"}],"version-history":[{"count":1,"href":"https:\/\/www.cronacaonline.it\/index.php\/wp-json\/wp\/v2\/posts\/241492\/revisions"}],"predecessor-version":[{"id":241493,"href":"https:\/\/www.cronacaonline.it\/index.php\/wp-json\/wp\/v2\/posts\/241492\/revisions\/241493"}],"wp:featuredmedia":[{"embeddable":true,"href":"https:\/\/www.cronacaonline.it\/index.php\/wp-json\/wp\/v2\/media\/239400"}],"wp:attachment":[{"href":"https:\/\/www.cronacaonline.it\/index.php\/wp-json\/wp\/v2\/media?parent=241492"}],"wp:term":[{"taxonomy":"category","embeddable":true,"href":"https:\/\/www.cronacaonline.it\/index.php\/wp-json\/wp\/v2\/categories?post=241492"},{"taxonomy":"post_tag","embeddable":true,"href":"https:\/\/www.cronacaonline.it\/index.php\/wp-json\/wp\/v2\/tags?post=241492"}],"curies":[{"name":"wp","href":"https:\/\/api.w.org\/{rel}","templated":true}]}}