{"id":241490,"date":"2023-10-19T15:23:01","date_gmt":"2023-10-19T13:23:01","guid":{"rendered":"https:\/\/www.cronacaonline.it\/?p=241490"},"modified":"2023-10-19T15:23:08","modified_gmt":"2023-10-19T13:23:08","slug":"convegno-di-lusso-a-spese-della-regione-il-caso-in-consiglio-regionale-interrogazione-di-alessandro-solinas-e-desire-manca-m5s","status":"publish","type":"post","link":"https:\/\/www.cronacaonline.it\/index.php\/2023\/10\/19\/convegno-di-lusso-a-spese-della-regione-il-caso-in-consiglio-regionale-interrogazione-di-alessandro-solinas-e-desire-manca-m5s\/","title":{"rendered":"Convegno di lusso a spese della regione, il caso in consiglio regionale interrogazione di Alessandro Solinas e Desir\u00e8. Manca (M5S)."},"content":{"rendered":"\n<p>Cagliari, 19 Ott 2023 - \u201cUn convegno di due giorni in un hotel di lusso a Porto Cervo dal conto stratosferico: 73.200 euro. Non ci sarebbe nulla da obiettare se non si trattasse di due giornate pagate interamente dalla Regione Sardegna con i fondi destinati alla formazione in ambito sanitario.<\/p>\n\n\n\n<p>In un momento in cui la sanit\u00e0 sarda \u00e8 allo sfascio \u2013 osservano i consiglieri regionali Alessandro Solinas e Desir\u00e8 Manca \u2013 la Regione spende decine di migliaia di euro per un evento che sembra non inserirsi tra le categorie di spesa previste nell'ambito del Piano Formativo Aziendale dell\u2019Ares Sardegna approvato con deliberazione del Direttore generale Ares n. 296 del 23 dicembre 2022\".<\/p>\n\n\n\n<p>\u201cNon \u00e8 chiaro \u2013 entrano nei dettagli i consiglieri - in quale delle tipologie formative elencate dal Piano (La formazione residenziale interattiva e in videoconferenza sincrona (RES); La formazione sul campo (FSC); La Formazione a distanza (FAD)), si inserisce l'evento in questione, considerato che sembra trattarsi di un evento, a numero chiuso, non aperto n\u00e9 a medici n\u00e9 a sanitari ma solo ai dirigenti apicali e che ha tutte le sembianze di un convegno piuttosto che di un corso di formazione con conseguenti crediti formativi rilasciati ai partecipanti\u201d.<\/p>\n\n\n\n<p>\u201cCome se non bastasse \u2013 aggiungono - il convegno \u201criservato\u201d ad ospiti eccellenti in una location esclusiva, suona come uno schiaffo a tutti i pazienti sardi alle prese con liste di attesa infinite e a tutti i Comuni sardi privi di medici di base, in quanto il tema della discussione \u00e8 proprio \u201cLo sviluppo delle cure primarie e dell\u2019integrazione socio-sanitaria nelle aree interne e isole minori\u201d.<\/p>\n\n\n\n<p>Questa la denuncia dei consiglieri regionali del Movimento 5 stelle Alessandro Solinas e Desir\u00e8 Manca, che hanno presentato un\u2019interrogazione al Presidente Solinas e all'assessore della Sanit\u00e0 per sapere quali siano i significativi benefici che tale tipologia di evento porter\u00e0 ai selezionati partecipanti e se il convegno rientra nella fattispecie delle attivit\u00e0 formative previste nell'ambito del Piano Formativo Aziendale dell\u2019ARES Sardegna approvato con Deliberazione del Direttore Generale ARES Sardegna n. 296 del 23.12.2022.<\/p>\n\n\n\n<p>\u201cPer l\u2019evento \u2013 concludono i consiglieri - che si terr\u00e0 il 20 e 21 ottobre prossimi \u00e8 prevista la spesa nel dettaglio di 4mila euro di segreteria organizzativa; 27mila euro di logistica (comprensiva di viaggi, pernottamento e vitto); 12mila euro per l\u2019esecuzione degli interventi formativi presso Cervo Hotel Costa Smeralda Resort; 4mila euro per la fornitura del materiale didattico (slide e atti congressuali); 8mila euro per l\u2019esecuzione e correzione dei testi di verifica da mantenere agli atti per ottenere il certificato di partecipazione; 5mila euro per il rilascio della documentazione di avvenuta formazione in formato digitale\u201d. Com<\/p>\n","protected":false},"excerpt":{"rendered":"<p>Cagliari, 19 Ott 2023 &#8211; \u201cUn convegno di due giorni in un hotel di lusso a Porto Cervo dal conto stratosferico: 73.200 euro. Non ci&#8230;<\/p>\n","protected":false},"author":2,"featured_media":181463,"comment_status":"closed","ping_status":"open","sticky":false,"template":"","format":"standard","meta":[],"categories":[49,52],"tags":[],"_links":{"self":[{"href":"https:\/\/www.cronacaonline.it\/index.php\/wp-json\/wp\/v2\/posts\/241490"}],"collection":[{"href":"https:\/\/www.cronacaonline.it\/index.php\/wp-json\/wp\/v2\/posts"}],"about":[{"href":"https:\/\/www.cronacaonline.it\/index.php\/wp-json\/wp\/v2\/types\/post"}],"author":[{"embeddable":true,"href":"https:\/\/www.cronacaonline.it\/index.php\/wp-json\/wp\/v2\/users\/2"}],"replies":[{"embeddable":true,"href":"https:\/\/www.cronacaonline.it\/index.php\/wp-json\/wp\/v2\/comments?post=241490"}],"version-history":[{"count":1,"href":"https:\/\/www.cronacaonline.it\/index.php\/wp-json\/wp\/v2\/posts\/241490\/revisions"}],"predecessor-version":[{"id":241491,"href":"https:\/\/www.cronacaonline.it\/index.php\/wp-json\/wp\/v2\/posts\/241490\/revisions\/241491"}],"wp:featuredmedia":[{"embeddable":true,"href":"https:\/\/www.cronacaonline.it\/index.php\/wp-json\/wp\/v2\/media\/181463"}],"wp:attachment":[{"href":"https:\/\/www.cronacaonline.it\/index.php\/wp-json\/wp\/v2\/media?parent=241490"}],"wp:term":[{"taxonomy":"category","embeddable":true,"href":"https:\/\/www.cronacaonline.it\/index.php\/wp-json\/wp\/v2\/categories?post=241490"},{"taxonomy":"post_tag","embeddable":true,"href":"https:\/\/www.cronacaonline.it\/index.php\/wp-json\/wp\/v2\/tags?post=241490"}],"curies":[{"name":"wp","href":"https:\/\/api.w.org\/{rel}","templated":true}]}}