{"id":241485,"date":"2023-10-19T12:44:28","date_gmt":"2023-10-19T10:44:28","guid":{"rendered":"https:\/\/www.cronacaonline.it\/?p=241485"},"modified":"2023-10-19T12:44:31","modified_gmt":"2023-10-19T10:44:31","slug":"pubblica-istruzione-assessore-biancareddu-incontra-ministro-valditara-che-verra-in-sardegna-a-novembre-per-illustrare-lagenda-sud-dedicata-alle-scuole-e-ledilizia-scolastica","status":"publish","type":"post","link":"https:\/\/www.cronacaonline.it\/index.php\/2023\/10\/19\/pubblica-istruzione-assessore-biancareddu-incontra-ministro-valditara-che-verra-in-sardegna-a-novembre-per-illustrare-lagenda-sud-dedicata-alle-scuole-e-ledilizia-scolastica\/","title":{"rendered":"Pubblica istruzione: assessore Biancareddu incontra ministro Valditara che verr\u00e0 in Sardegna a novembre per illustrare l\u2019agenda sud dedicata alle scuole e l\u2019edilizia scolastica."},"content":{"rendered":"\n<p>Cagliari, 19 Ott 2023 \u2013 \u201cUn incontro estremamente positivo, perch\u00e9 siamo riusciti ad ottenere diversi milioni di euro che il Ministro stesso, che ci ha promesso che verr\u00e0 in Sardegna il prossimo mese, annuncer\u00e0 insieme a me.\u201d<\/p>\n\n\n\n<p>Lo ha detto l\u2019Assessore della Pubblica Istruzione, Andrea Biancareddu, al termine dell\u2019incontro, svoltosi in videoconferenza, con il Ministro della Pubblica Istruzione e del Merito, Giuseppe Valditara.<\/p>\n\n\n\n<p>\u201cSi tratta \u2013 ha sottolineato Biancareddu - di fondi per l\u2019edilizia scolastica, a cui tengo tanto. Siamo tra le prime Regioni d\u2019Italia in termini di spesa, con progetti che vanno avanti da tanto tempo e su questo abbiamo avuto ampie rassicurazioni. In particolare sull\u2019Agenda Sud. Il Ministro dir\u00e0 quale sar\u00e0 la parte spettante alla Sardegna. Prima dell\u2019arrivo del Ministro Valditara ci sar\u00e0 una conferenza tecnica dove si stabilir\u00e0 cosa ci spetta e cosa no. Sul dimensionamento scolastico abbiamo discusso a lungo ed abbiamo concordato sul fatto che la Regione Sardegna, anche grazie al mio intervento, ha aumentato il contingente sino a 228 Autonomie perch\u00e9 ce le sarebbero spettate 190. Bisogna adesso fare un\u2019opera di razionalizzazione, spiegando ai Sindaci, agli alunni e ai genitori che non chiuder\u00e0 nessuna scuola, come nessuna scuola \u00e8 stata chiusa negli ultimi cinque anni e quindi siamo fiduciosi che sia il Dimensionamento Scolastico ma soprattutto il grande piano di investimenti dell\u2019Agenda Sud che interverr\u00e0 dal personale delle scuole sino all\u2019edilizia scolastica, dar\u00e0 dei grandi risultati che annunceremo insieme all\u2019esponente di Governo nel prossimo mese di novembre\u201c.<\/p>\n\n\n\n<p>\u201dDialogo su tutto, ha detto il Ministro Valditara. Troveremo certamente delle soluzioni molto avanzate,&nbsp;perch\u00e9 il nostro interesse \u00e8 puntare molto sulla riqualificazione del patrimonio edilizio e sul rilancio della scuola. Fra l'altro aggiungo anche che ho voluto inserire la Sardegna. Io verr\u00f2 nell\u2019Isola a breve per illustrare all\u2019assessore Biancareddu ed al Presidente della Sardegna, l\u2019Agenda Sud che \u00e8 il primo intervento strategico che un Governo della Repubblica ha fatto per le Regioni del Mezzogiorno e ho voluto che fosse inserita anche la Sardegna. E\u2019 inserita in Agenda Sud e ci sono i grandi piani di rilancio della scuola Sarda e&nbsp;ci saranno investimenti importanti nell'edilizia, ha detto ancora il Ministro Valditara\u201d. Com<\/p>\n","protected":false},"excerpt":{"rendered":"<p>Cagliari, 19 Ott 2023 \u2013 \u201cUn incontro estremamente positivo, perch\u00e9 siamo riusciti ad ottenere diversi milioni di euro che il Ministro stesso, che ci ha&#8230;<\/p>\n","protected":false},"author":2,"featured_media":241486,"comment_status":"closed","ping_status":"open","sticky":false,"template":"","format":"standard","meta":[],"categories":[49,52],"tags":[],"_links":{"self":[{"href":"https:\/\/www.cronacaonline.it\/index.php\/wp-json\/wp\/v2\/posts\/241485"}],"collection":[{"href":"https:\/\/www.cronacaonline.it\/index.php\/wp-json\/wp\/v2\/posts"}],"about":[{"href":"https:\/\/www.cronacaonline.it\/index.php\/wp-json\/wp\/v2\/types\/post"}],"author":[{"embeddable":true,"href":"https:\/\/www.cronacaonline.it\/index.php\/wp-json\/wp\/v2\/users\/2"}],"replies":[{"embeddable":true,"href":"https:\/\/www.cronacaonline.it\/index.php\/wp-json\/wp\/v2\/comments?post=241485"}],"version-history":[{"count":1,"href":"https:\/\/www.cronacaonline.it\/index.php\/wp-json\/wp\/v2\/posts\/241485\/revisions"}],"predecessor-version":[{"id":241487,"href":"https:\/\/www.cronacaonline.it\/index.php\/wp-json\/wp\/v2\/posts\/241485\/revisions\/241487"}],"wp:featuredmedia":[{"embeddable":true,"href":"https:\/\/www.cronacaonline.it\/index.php\/wp-json\/wp\/v2\/media\/241486"}],"wp:attachment":[{"href":"https:\/\/www.cronacaonline.it\/index.php\/wp-json\/wp\/v2\/media?parent=241485"}],"wp:term":[{"taxonomy":"category","embeddable":true,"href":"https:\/\/www.cronacaonline.it\/index.php\/wp-json\/wp\/v2\/categories?post=241485"},{"taxonomy":"post_tag","embeddable":true,"href":"https:\/\/www.cronacaonline.it\/index.php\/wp-json\/wp\/v2\/tags?post=241485"}],"curies":[{"name":"wp","href":"https:\/\/api.w.org\/{rel}","templated":true}]}}