{"id":241455,"date":"2023-10-18T14:20:05","date_gmt":"2023-10-18T12:20:05","guid":{"rendered":"https:\/\/www.cronacaonline.it\/?p=241455"},"modified":"2023-10-18T14:20:08","modified_gmt":"2023-10-18T12:20:08","slug":"presentazione-rendiconto-sociale-inps-2022-il-presidente-sardegna-serve-azione-politica-sinergica-e-corresponsabile-per-rispondere-alle-esigenze-sociali","status":"publish","type":"post","link":"https:\/\/www.cronacaonline.it\/index.php\/2023\/10\/18\/presentazione-rendiconto-sociale-inps-2022-il-presidente-sardegna-serve-azione-politica-sinergica-e-corresponsabile-per-rispondere-alle-esigenze-sociali\/","title":{"rendered":"Presentazione rendiconto sociale Inps 2022. Il presidente Sardegna: \u201cserve azione politica sinergica e corresponsabile per rispondere alle esigenze sociali\u201d."},"content":{"rendered":"\n<p>Cagliari, 18 Ott 2023 \u2013\u00a0\u201cIl rendiconto offre un quadro completo dell\u2019operosit\u00e0 dell\u2019Istituto, nostro fedele e prezioso alleato, della sua missione e dei risultati ottenuti. Un\u2019 attivit\u00e0 complessa che ha una portata storica, non solo per la dimensione dei dati, ma per la tipologia degli interventi e degli effetti sociali prodotti, relativamente ai beneficiari delle prestazioni previdenziali e assistenziali, al sistema delle imprese e del lavoro autonomo, alle associazioni e a tutte le istituzioni coinvolte, come la Regione e l\u2019ANCI. L\u2019auspicio \u00e8 che \u2018rendere conto\u2019 diventi sempre pi\u00f9 un comune \u2018rendersi conto\u2019 che solo attraverso un\u2019azione politica sinergica e corresponsabile e la costruzione di una rete di relazioni, esperienze e professionalit\u00e0, potremo contribuire ad offrire un servizio e un supporto sempre pi\u00f9 rispondente ai bisogni e alle esigenze della nostra gente\u201d. Cos\u00ec il Presidente della Regione Sardegna a margine della presentazione del Rendiconto sociale INPS 2022, tenutasi a Cagliari presso la Direzione Regionale dell\u2019INPS Sardegna.<\/p>\n\n\n\n<p>Dal documento, in linea con quanto \u00e8 possibile riscontrare nelle altre regioni, si osserva una riduzione sostanziale del PIL a cavallo del triennio 2019-2021 a causa dell\u2019emergenza epidemiologica da COVID SARS-19. Si riscontra anche un aumento sia del tasso di occupazione sia del tasso di inattivit\u00e0 a fronte di una riduzione del tasso di disoccupazione. Inoltre, tra il 2021 e il 2022 \u00e8 aumentato sia il numero delle cessazioni che delle assunzioni facendo registrare un saldo netto in diminuzione. Dal confronto con l\u2019andamento nazionale del PIL per il 2021, il Prodotto Interno Lordo della Sardegna, pari a 32.141 milioni di euro, rappresenta l\u20191,91% di quello nazionale. Il PIL pro capite (2021) stimato in 21.745,53 \u20ac risulta inferiore al dato nazionale che si attesta sui 28.521,00 \u20ac.<\/p>\n\n\n\n<p>\u201cLa collaborazione con l\u2019Inps \u00e8 costante - afferma l\u2019Assessore regionale del Lavoro, Ada Lai - un rapporto di proficua e leale collaborazione in materia di previdenza, assistenza e sicurezza sul lavoro. Questo documento, ci richiama alla responsabilit\u00e0 di prestare un servizio alla collettivit\u00e0, mettendo sempre la persona al centro di ogni politica. In questa sede - precisa Lai - non \u00e8 mio compito analizzare i dati, ma \u00e8 mio dovere saperli cogliere come un patrimonio di informazioni utili per sviluppare proposte progettuali concrete e attivare percorsi virtuosi che consentano ai sardi di vivere in modo dignitoso e di essere sostenuti, accompagnati e assistiti. Dati che sono risultati preziosi - sottolinea l\u2019assessore del Lavoro - specialmente nella gestione della fase transitoria del Reddito di cittadinanza. Siamo tutti consapevoli, infatti, del grande sforzo che dobbiamo fare per portare avanti la riforma. Insieme all\u2019ASPAL, sono stati mobilitati i Centri per l\u2019Impiego per informare i cittadini sulle nuove misure e convocare i percettori del reddito per la sottoscrizione del Patto Gol. Gi\u00e0 da settembre \u00e8 partito il Supporto per la formazione e il lavoro (SFL), una delle nuove misure di politica attiva del Governo per accompagnare gli ex beneficiari del reddito\u201d.<\/p>\n\n\n\n<p>Per quanto riguarda l\u2019andamento occupazionale, il report rileva un saldo positivo tra assunzioni e cessazioni negli anni 2021 e 2022, sia a livello regionale che delle singole province. Si evidenzia una tendenza in crescita nel 2022 rispetto all\u2019anno precedente, che abbraccia tutti i generi e tutte le tipologie contrattuali, con una crescita complessiva di oltre 20.000 unit\u00e0 durante il periodo considerato (passando da 256.570 lavoratori nel 2021 al 277.317 lavoratori nel 2022). Il tasso di occupazione in Sardegna registra un miglioramento nel 2022 passando al 46.8% rispetto al 45.9% del 2021 pur rimanendo al di sotto del valore nazionale, che per il 2022 si attesta al 52.2%.&nbsp;<\/p>\n\n\n\n<p>\u201cCome Regione Sardegna e come Assessorato del Lavoro - sottolinea l\u2019esponente dell\u2019esecutivo sardo - abbiamo fatto la nostra parte per dare una risposta alla crisi, erogando ristori post-Covid per oltre 180 milioni di euro; ma la vera misura anti-crisi sono le politiche attive finalizzate all\u2019occupazione: dai Bandi Sal Lavoro per le aziende del comparto turistico, ai cantieri occupazionali, un volano per l\u2019economia dei territori, alla formazione mirata all\u2019inserimento lavorativo. Oggi la grande sfida - aggiunge - \u00e8 quella di colmare il divario tra domanda e offerta e il gap di competenze, attraverso la formazione professionale mirata, l\u2019alta formazione e l\u2019apprendistato, per i quali abbiamo impegnato massicci investimenti.&nbsp;&nbsp;Per il prossimo settennio, inoltre, abbiamo a disposizione 30 milioni di fondi FESR per progetti di sviluppo territoriale che realizzeremo insieme ai GAL, a cui si aggiungono 200 milioni di fondi europei e altrettanti regionali per le politiche attive del lavoro. Continueremo - conclude - a sostenere le imprese con i bonus occupazionali e il microcredito. Determinante sar\u00e0 tagliare il costo del lavoro e soprattutto semplificare l\u2019azione amministrativa, perch\u00e9 l\u2019eccessiva burocrazia con la sua macchinosit\u00e0 \u00e8 un costo economico e sociale che non possiamo pi\u00f9 permetterci\u201d. Com<\/p>\n","protected":false},"excerpt":{"rendered":"<p>Cagliari, 18 Ott 2023 \u2013\u00a0\u201cIl rendiconto offre un quadro completo dell\u2019operosit\u00e0 dell\u2019Istituto, nostro fedele e prezioso alleato, della sua missione e dei risultati ottenuti. Un\u2019&#8230;<\/p>\n","protected":false},"author":2,"featured_media":185373,"comment_status":"closed","ping_status":"open","sticky":false,"template":"","format":"standard","meta":[],"categories":[49,52],"tags":[],"_links":{"self":[{"href":"https:\/\/www.cronacaonline.it\/index.php\/wp-json\/wp\/v2\/posts\/241455"}],"collection":[{"href":"https:\/\/www.cronacaonline.it\/index.php\/wp-json\/wp\/v2\/posts"}],"about":[{"href":"https:\/\/www.cronacaonline.it\/index.php\/wp-json\/wp\/v2\/types\/post"}],"author":[{"embeddable":true,"href":"https:\/\/www.cronacaonline.it\/index.php\/wp-json\/wp\/v2\/users\/2"}],"replies":[{"embeddable":true,"href":"https:\/\/www.cronacaonline.it\/index.php\/wp-json\/wp\/v2\/comments?post=241455"}],"version-history":[{"count":1,"href":"https:\/\/www.cronacaonline.it\/index.php\/wp-json\/wp\/v2\/posts\/241455\/revisions"}],"predecessor-version":[{"id":241456,"href":"https:\/\/www.cronacaonline.it\/index.php\/wp-json\/wp\/v2\/posts\/241455\/revisions\/241456"}],"wp:featuredmedia":[{"embeddable":true,"href":"https:\/\/www.cronacaonline.it\/index.php\/wp-json\/wp\/v2\/media\/185373"}],"wp:attachment":[{"href":"https:\/\/www.cronacaonline.it\/index.php\/wp-json\/wp\/v2\/media?parent=241455"}],"wp:term":[{"taxonomy":"category","embeddable":true,"href":"https:\/\/www.cronacaonline.it\/index.php\/wp-json\/wp\/v2\/categories?post=241455"},{"taxonomy":"post_tag","embeddable":true,"href":"https:\/\/www.cronacaonline.it\/index.php\/wp-json\/wp\/v2\/tags?post=241455"}],"curies":[{"name":"wp","href":"https:\/\/api.w.org\/{rel}","templated":true}]}}