{"id":241442,"date":"2023-10-18T10:53:19","date_gmt":"2023-10-18T08:53:19","guid":{"rendered":"https:\/\/www.cronacaonline.it\/?p=241442"},"modified":"2023-10-18T10:53:22","modified_gmt":"2023-10-18T08:53:22","slug":"agricoltura-camminata-tra-gli-olivi-la-sardegna-protagonista-della-settima-edizione-con-17-comuni-coinvolti-assessore-satta-promuovere-le-eccellenze-del-nostro-territorio","status":"publish","type":"post","link":"https:\/\/www.cronacaonline.it\/index.php\/2023\/10\/18\/agricoltura-camminata-tra-gli-olivi-la-sardegna-protagonista-della-settima-edizione-con-17-comuni-coinvolti-assessore-satta-promuovere-le-eccellenze-del-nostro-territorio\/","title":{"rendered":"Agricoltura: camminata tra gli Olivi, la Sardegna protagonista della settima edizione con 17 comuni coinvolti. Assessore Satta, promuovere le eccellenze del nostro territorio."},"content":{"rendered":"\n<p>Cagliari, 18 ottobre 2023 \u2013\u00a0Nel corso di una conferenza stampa presso l'Assessorato dell'Agricoltura \u00e8 stata presentata la settima edizione della Camminata tra gli Olivi, l\u2019evento promosso dall'Associazione nazionale Citt\u00e0 dell'Olio in 150 citt\u00e0 italiane. Domenica 29 ottobre prossimo, la camminata si svolger\u00e0 in 17 citt\u00e0 sarde: Bolotana (NU), Giba (CI), Gonnosfanadiga (VS), Ilbono (OG), Ittiri (SS), Masainas (CI), Riola Sardo (OR), Samatzai (CA), Santadi (CI), Serrenti (VS), Siddi (OR), Sini (OR), Sorso (SS), Uri (SS), Usini (SS), Ussaramanna (VS) e Villacidro (VS) con percorsi di trekking, escursioni in bici, degustazioni di pane e olio, visite ai frantoi, esperienze di raccolta delle olive e tanto altro ancora. Il tema. \u201cOlio &amp; Salute\u201d \u00e8 il tema di questa edizione della Camminata tra gli Olivi promossa con la stretta alleanza della Lega Italiana per la Lotta conto i Tumori (LILT) e della Fondazione Italiana Fegato (FIF).<\/p>\n\n\n\n<p>\u201cSono particolarmente orgogliosa di questo progetto \u2013 ha detto l\u2019Assessore dell\u2019Agricoltura, Valeria Satta - La qualit\u00e0 del nostro olio extra vergine sono note ovunque poich\u00e9 le nostre peculiarit\u00e0 climatiche e geografiche rendono un prodotto con caratteristiche organolettiche eccezionali anche grazie alla millenaria cultura olivicola delle nostre popolazioni. Ringrazio il vicepresidente nazionale 'Citt\u00e0 dell'Olio' Giovanni Antonio Sechi e quello regionale Maura Boi per il grande lavoro che stanno portando avanti\". Com<\/p>\n","protected":false},"excerpt":{"rendered":"<p>Cagliari, 18 ottobre 2023 \u2013\u00a0Nel corso di una conferenza stampa presso l&#8217;Assessorato dell&#8217;Agricoltura \u00e8 stata presentata la settima edizione della Camminata tra gli Olivi, l\u2019evento&#8230;<\/p>\n","protected":false},"author":2,"featured_media":233188,"comment_status":"closed","ping_status":"open","sticky":false,"template":"","format":"standard","meta":[],"categories":[49,52],"tags":[],"_links":{"self":[{"href":"https:\/\/www.cronacaonline.it\/index.php\/wp-json\/wp\/v2\/posts\/241442"}],"collection":[{"href":"https:\/\/www.cronacaonline.it\/index.php\/wp-json\/wp\/v2\/posts"}],"about":[{"href":"https:\/\/www.cronacaonline.it\/index.php\/wp-json\/wp\/v2\/types\/post"}],"author":[{"embeddable":true,"href":"https:\/\/www.cronacaonline.it\/index.php\/wp-json\/wp\/v2\/users\/2"}],"replies":[{"embeddable":true,"href":"https:\/\/www.cronacaonline.it\/index.php\/wp-json\/wp\/v2\/comments?post=241442"}],"version-history":[{"count":1,"href":"https:\/\/www.cronacaonline.it\/index.php\/wp-json\/wp\/v2\/posts\/241442\/revisions"}],"predecessor-version":[{"id":241443,"href":"https:\/\/www.cronacaonline.it\/index.php\/wp-json\/wp\/v2\/posts\/241442\/revisions\/241443"}],"wp:featuredmedia":[{"embeddable":true,"href":"https:\/\/www.cronacaonline.it\/index.php\/wp-json\/wp\/v2\/media\/233188"}],"wp:attachment":[{"href":"https:\/\/www.cronacaonline.it\/index.php\/wp-json\/wp\/v2\/media?parent=241442"}],"wp:term":[{"taxonomy":"category","embeddable":true,"href":"https:\/\/www.cronacaonline.it\/index.php\/wp-json\/wp\/v2\/categories?post=241442"},{"taxonomy":"post_tag","embeddable":true,"href":"https:\/\/www.cronacaonline.it\/index.php\/wp-json\/wp\/v2\/tags?post=241442"}],"curies":[{"name":"wp","href":"https:\/\/api.w.org\/{rel}","templated":true}]}}