{"id":241435,"date":"2023-10-18T09:38:03","date_gmt":"2023-10-18T07:38:03","guid":{"rendered":"https:\/\/www.cronacaonline.it\/?p=241435"},"modified":"2023-10-18T09:38:03","modified_gmt":"2023-10-18T07:38:03","slug":"xvii-giornata-europea-contro-la-tratta-degli-esseri-umani-presidente-sardegna-smantellare-le-organizzazioni-criminali-proteggere-ed-emancipare-le-vittime-di-un-reato-abominevole","status":"publish","type":"post","link":"https:\/\/www.cronacaonline.it\/index.php\/2023\/10\/18\/xvii-giornata-europea-contro-la-tratta-degli-esseri-umani-presidente-sardegna-smantellare-le-organizzazioni-criminali-proteggere-ed-emancipare-le-vittime-di-un-reato-abominevole\/","title":{"rendered":"XVII giornata europea contro la tratta degli esseri umani. Presidente Sardegna: \u201cSmantellare le organizzazioni criminali, proteggere ed emancipare le vittime di un reato abominevole\u201d."},"content":{"rendered":"\n<p>Cagliari, 18 Ott 2023 \u2013\u00a0\u201cLa tratta \u00e8 un crimine contro l\u2019umanit\u00e0 che coinvolge milioni di persone, un abuso dei diritti e della dignit\u00e0, commesso da criminali che sfruttano persone vulnerabili. La Regione da tempo \u00e8 impegnata nelle politiche anti-tratta, finalizzate alla sensibilizzazione, prevenzione, emersione, protezione e integrazione sociale delle vittime di questo reato abominevole. Difendiamo i diritti umani e sosteniamo le forze dell'ordine impegnati nella lotta alla tratta. \u00c8 necessaria, infatti, un'azione forte di contrasto ad ogni forma di sfruttamento: contro i trafficanti, gli sfruttatori e le organizzazioni criminali, che gestiscono e traggono profitto da questo business immondo, e che purtroppo, spesso, rimangono impuniti\u201d. Cos\u00ec il Presidente della Regione Sardegna in occasione della XVII Giornata europea contro la tratta degli esseri umani.<\/p>\n\n\n\n<p>\u201cTeniamo viva l\u2019attenzione su uno dei fenomeni pi\u00f9 orrendi del nostro mondo contemporaneo: il traffico, il commercio e la riduzione in schiavit\u00f9 di minori, donne e uomini e persone transessuali - afferma l\u2019Assessore del Lavoro con delega all'Emigrazione, Ada Lai - Nel 2006, la Commissione Europea ha istituito la Giornata Europea contro la Tratta per sensibilizzare l'opinione pubblica su un tema drammatico, affinch\u00e9 questa ingiustizia non passi inosservata. Poich\u00e9 la met\u00e0 delle vittime identificate nell'UE \u00e8 costituita da cittadini di paesi terzi, l\u2019assessorato del Lavoro promuove e realizza interventi di cooperazione internazionale con i paesi in via di sviluppo, come strumento di contrasto e prevenzione alla tratta di esseri umani nei paesi di origine e di transito, sostiene politiche attive del lavoro finalizzate all\u2019inclusione e all\u2019integrazione sociale, attraverso la formazione e l\u2019inserimento lavorativo. Vogliamo accendere una luce di speranza, perch\u00e9 le vite di tanti uomini, donne e bambini\/e non restino intrappolati nelle reti crudeli dello sfruttamento\u201d.<\/p>\n\n\n\n<p>A Cagliari, oggi, si illumina il Bastione Saint Remy. Una luce arancione, lo illuminer\u00e0 dalle 18:30 per tutta la notte, fino alle ore 8 di gioved\u00ec 19 ottobre, per ricordare ai cagliaritani la XVII Giornata Europea contro la tratta di esseri umani. Con questa iniziativa, patrocinata da Regione, Comune di Cagliari,&nbsp;Congregazione delle Figlie della Carit\u00e0, insieme al \u201cNumero Verde Nazionale Antitratta\u201d, si vuole richiamare l\u2019attenzione sullo sfruttamento sessuale e lavorativo che in numero crescente colpisce uomini, donne e bambini.<\/p>\n\n\n\n<p>In Europa il traffico per lo sfruttamento sessuale resta la forma pi\u00f9 diffusa (56%), seguito dal traffico per lo sfruttamento lavorativo (26%). Il livello di azioni penali e di condanne \u00e8 basso. Il rapporto Onu evidenzia inoltre un aumento della tratta di esseri umani all\u2019interno degli Stati membri e un target di vittime giovani e con disabilit\u00e0. Crescente l\u2019utilizzo di internet e dei social media per reclutare le vittime, nonch\u00e9 il rischio amplificato di traffico di persone nel contesto migratorio. Lo sfruttamento lavorativo riguarda tutti i settori economici, tra cui il lavoro domestico, quello agropastorale e l\u2019economia informale.<\/p>\n\n\n\n<p>Le suore vincenziane, attraverso il progetto \u201cElen Joy\u201d, realizzato in collaborazione con la Regione, negli ultimi 20 anni hanno liberato dalla schiavit\u00f9 sessuale e lavorativa circa 240 donne e 39 uomini. Nella giornata del 18 ottobre le loro operatrici incontreranno gli studenti per un incontro di sensibilizzazione. Inoltre, i volontari del Servizio Civile delle ACLI, gireranno nei punti nevralgici delle citt\u00e0 di Cagliari e Sassari consegnando del materiale informativo.<\/p>\n\n\n\n<p>A livello nazionale, anche quest\u2019anno, il Numero Verde Nazionale in aiuto alle vittime di tratta e sfruttamento desidera sensibilizzare le cittadine e i cittadini unendo idealmente le diverse iniziative organizzate nei diversi territori, grazie al prezioso lavoro dei Progetti Antitratta italiani, attraverso l\u2019hashtag comune #LIBERAILTUOSOGNO, che fa riferimento alla liberazione simbolica del sogno di migliaia di persone che ogni giorno vengono trasferiti, con l\u2019inganno o approfittando della loro vulnerabilit\u00e0, dal loro Paese di origine ad un altro allo scopo di essere sfruttati in diversi ambiti, come la prostituzione, le economie criminali, l\u2019accattonaggio, i matrimoni forzati, fino alle adozioni internazionali illegali o al traffico di organi. Com<\/p>\n","protected":false},"excerpt":{"rendered":"<p>Cagliari, 18 Ott 2023 \u2013\u00a0\u201cLa tratta \u00e8 un crimine contro l\u2019umanit\u00e0 che coinvolge milioni di persone, un abuso dei diritti e della dignit\u00e0, commesso da&#8230;<\/p>\n","protected":false},"author":2,"featured_media":231370,"comment_status":"closed","ping_status":"open","sticky":false,"template":"","format":"standard","meta":[],"categories":[49,52],"tags":[],"_links":{"self":[{"href":"https:\/\/www.cronacaonline.it\/index.php\/wp-json\/wp\/v2\/posts\/241435"}],"collection":[{"href":"https:\/\/www.cronacaonline.it\/index.php\/wp-json\/wp\/v2\/posts"}],"about":[{"href":"https:\/\/www.cronacaonline.it\/index.php\/wp-json\/wp\/v2\/types\/post"}],"author":[{"embeddable":true,"href":"https:\/\/www.cronacaonline.it\/index.php\/wp-json\/wp\/v2\/users\/2"}],"replies":[{"embeddable":true,"href":"https:\/\/www.cronacaonline.it\/index.php\/wp-json\/wp\/v2\/comments?post=241435"}],"version-history":[{"count":1,"href":"https:\/\/www.cronacaonline.it\/index.php\/wp-json\/wp\/v2\/posts\/241435\/revisions"}],"predecessor-version":[{"id":241436,"href":"https:\/\/www.cronacaonline.it\/index.php\/wp-json\/wp\/v2\/posts\/241435\/revisions\/241436"}],"wp:featuredmedia":[{"embeddable":true,"href":"https:\/\/www.cronacaonline.it\/index.php\/wp-json\/wp\/v2\/media\/231370"}],"wp:attachment":[{"href":"https:\/\/www.cronacaonline.it\/index.php\/wp-json\/wp\/v2\/media?parent=241435"}],"wp:term":[{"taxonomy":"category","embeddable":true,"href":"https:\/\/www.cronacaonline.it\/index.php\/wp-json\/wp\/v2\/categories?post=241435"},{"taxonomy":"post_tag","embeddable":true,"href":"https:\/\/www.cronacaonline.it\/index.php\/wp-json\/wp\/v2\/tags?post=241435"}],"curies":[{"name":"wp","href":"https:\/\/api.w.org\/{rel}","templated":true}]}}