{"id":241424,"date":"2023-10-17T19:22:06","date_gmt":"2023-10-17T17:22:06","guid":{"rendered":"https:\/\/www.cronacaonline.it\/?p=241424"},"modified":"2023-10-17T19:22:09","modified_gmt":"2023-10-17T17:22:09","slug":"consiglio-sardegna-seduta-congiunta-della-commissioni-autonomia-e-governo-del-territorio-illustrati-i-criteri-per-le-assunzioni-di-forestas","status":"publish","type":"post","link":"https:\/\/www.cronacaonline.it\/index.php\/2023\/10\/17\/consiglio-sardegna-seduta-congiunta-della-commissioni-autonomia-e-governo-del-territorio-illustrati-i-criteri-per-le-assunzioni-di-forestas\/","title":{"rendered":"Consiglio Sardegna &#8211; Seduta congiunta della commissioni Autonomia e Governo del territorio: illustrati i criteri per le assunzioni di Forestas."},"content":{"rendered":"\n<p>Cagliari, 17 Ott 2023 \u2013 L\u2019assessore dell\u2019Ambiente Marco Porcu ha illustrato davanti alle commissioni Autonomia e Governo del territorio in seduta congiunta le linee generali del Piano triennale di assunzioni dell\u2019Agenzia Forestas.<\/p>\n\n\n\n<p>Nella sua esposizione, Porcu ha ricordato che il Piano \u00e8 il frutto di un lungo lavoro che ha visto coinvolti le commissioni e lo stesso Consiglio regionale, gli assessorati competenti, i sindacati, le organizzazioni rappresentative dei Comuni e, per la parte giuridica e previdenziale, l\u2019Inps ed il Ministero del Lavoro. Il risultato, ha affermato, \u00e8 una proposta equilibrata e razionale che ha lo scopo di assicurare all\u2019Agenzia un organico adeguato ai suoi compiti, attraverso un incisivo ricambio generazionale ed una migliore qualificazione del personale.<\/p>\n\n\n\n<p>Per quanto riguarda la formazione della graduatoria relativa agli operai sar\u00e0 predisposta in base all\u2019Isee dei candidati ed all\u2019et\u00e0 anagrafica, secondo una \u201cgriglia\u201d di punteggi.<\/p>\n\n\n\n<p>All\u2019Isee pari o superiore a 25.000 euro saranno attribuiti zero punti; per l\u2019Isee pari o inferiore a 1000 euro saranno attribuiti 36 punti (il punteggio massimo); per l\u2019Isee superiore a 1000 euro ed inferiore a 25.000 saranno progressivamente sottratte frazioni di punto per ogni euro superiore a 1000.<\/p>\n\n\n\n<p>L\u2019et\u00e0 anagrafica, invece, ai fini dell\u2019assegnazione del punteggio sar\u00e0 suddivisa in 4 \u201cfasce\u201d: da 18 a 35 anni (64 punti); dai 30 ai 40 anni sar\u00e0 sottratto un punto per ogni anno di et\u00e0 superiore ai 35; dai 41 ai 49 anni verranno sottratti 2.9 punti per ogni anno di et\u00e0 superiore ai 40; in caso di et\u00e0 superiore ai 50 verranno sottratti 5 punti per ogni anno di et\u00e0 superiore ai 50.<\/p>\n\n\n\n<p>I candidati potranno presentare domanda attraverso un\u2019apposita procedura informatica ed essere in possesso della qualifica richiesta per la selezione o di un idoneo \u201cattestato di qualifica\u201d o \u201ccertificato di competenza\u201d rilasciato dalla Regione in base alla legge 13 del 2013.<\/p>\n\n\n\n<p>Le assunzioni programmate nel triennio saranno complessivamente 635: 450 nel 2023, 120 nel 2024 e 65 nel 2025.<\/p>\n\n\n\n<p>Nel dibattito hanno preso la parole i consiglieri regionali Daniele Cocco (Aev), Giovanni Satta (Psd\u2019Az), Giovanni Antonio Satta (Misto), Salvatore Corrias e Roberto Deriu (Pd), Fausto Piga ed Ignazio Tatti (Fdi).<\/p>\n","protected":false},"excerpt":{"rendered":"<p>Cagliari, 17 Ott 2023 \u2013 L\u2019assessore dell\u2019Ambiente Marco Porcu ha illustrato davanti alle commissioni Autonomia e Governo del territorio in seduta congiunta le linee generali&#8230;<\/p>\n","protected":false},"author":2,"featured_media":192512,"comment_status":"closed","ping_status":"open","sticky":false,"template":"","format":"standard","meta":[],"categories":[49,52],"tags":[],"_links":{"self":[{"href":"https:\/\/www.cronacaonline.it\/index.php\/wp-json\/wp\/v2\/posts\/241424"}],"collection":[{"href":"https:\/\/www.cronacaonline.it\/index.php\/wp-json\/wp\/v2\/posts"}],"about":[{"href":"https:\/\/www.cronacaonline.it\/index.php\/wp-json\/wp\/v2\/types\/post"}],"author":[{"embeddable":true,"href":"https:\/\/www.cronacaonline.it\/index.php\/wp-json\/wp\/v2\/users\/2"}],"replies":[{"embeddable":true,"href":"https:\/\/www.cronacaonline.it\/index.php\/wp-json\/wp\/v2\/comments?post=241424"}],"version-history":[{"count":1,"href":"https:\/\/www.cronacaonline.it\/index.php\/wp-json\/wp\/v2\/posts\/241424\/revisions"}],"predecessor-version":[{"id":241425,"href":"https:\/\/www.cronacaonline.it\/index.php\/wp-json\/wp\/v2\/posts\/241424\/revisions\/241425"}],"wp:featuredmedia":[{"embeddable":true,"href":"https:\/\/www.cronacaonline.it\/index.php\/wp-json\/wp\/v2\/media\/192512"}],"wp:attachment":[{"href":"https:\/\/www.cronacaonline.it\/index.php\/wp-json\/wp\/v2\/media?parent=241424"}],"wp:term":[{"taxonomy":"category","embeddable":true,"href":"https:\/\/www.cronacaonline.it\/index.php\/wp-json\/wp\/v2\/categories?post=241424"},{"taxonomy":"post_tag","embeddable":true,"href":"https:\/\/www.cronacaonline.it\/index.php\/wp-json\/wp\/v2\/tags?post=241424"}],"curies":[{"name":"wp","href":"https:\/\/api.w.org\/{rel}","templated":true}]}}