{"id":241421,"date":"2023-10-17T16:19:28","date_gmt":"2023-10-17T14:19:28","guid":{"rendered":"https:\/\/www.cronacaonline.it\/?p=241421"},"modified":"2023-10-17T16:19:33","modified_gmt":"2023-10-17T14:19:33","slug":"coordinamento-provinciale-sardegna-al-centro-20-venti-nuoro","status":"publish","type":"post","link":"https:\/\/www.cronacaonline.it\/index.php\/2023\/10\/17\/coordinamento-provinciale-sardegna-al-centro-20-venti-nuoro\/","title":{"rendered":"Coordinamento Provinciale Sardegna al Centro 20 venti &#8211; Nuoro."},"content":{"rendered":"\n<p>Nuoro, 17 Ott 2023 - Il riscatto del territorio del nuorese passa per un progetto politico che nasce dal basso, dall\u2019ascolto e dal confronto con la gente, con il mondo del lavoro, con le categorie produttive con tutto il sistema economico e sociale.<\/p>\n\n\n\n<p>Da questo presupposto \u00e8 stato costituito a Nuoro il Coordinamento provinciale di Sardegna al Centro 20 venti. Sono due i Coordinatori eletti, Giuseppina Floris e Domenico Salis, che insieme ad un gruppo coeso e motivato hanno avviato gi\u00e0 da alcuni mesi un intenso lavoro in tutto il territorio.<\/p>\n\n\n\n<p>Il passaggio dai propositi ai fatti \u00e8 stato immediato e dopo la presentazione pubblica avvenuta a luglio all\u2019Ex Me di Nuoro, alla presenza di tantissime persone, \u00e8 stata avviata la campagna di adesione e abbiamo riscontrato da subito un grandissimo interesse per il nostro progetto.&nbsp;Tutto questo ci sta consentendo di costituire, quasi in modo naturale, i coordinamenti territoriali nei singoli Comuni la cui attivit\u00e0 \u00e8 stata fondamentale per far crescere in modo esponenziale le adesioni e spiegare cos\u00ec la nostra idea di Sardegna in modo pi\u00f9 capillare.<\/p>\n\n\n\n<p>Abbiamo gi\u00e0 iniziato ad organizzare una serie di eventi pubblici, di informazione e approfondimento che saranno proposti nelle prossime settimane e nei prossimi mesi in tutta la provincia. Con i due fondatori di Sardegna al Centro 20 venti, Antonello Peru e Stefano Tunis, c\u2019\u00e8 stata da subito una totale sintonia e condivisione ma abbiamo avuto anche una grande autonomia nelle scelte e nella strutturazione del coordinamento.<\/p>\n\n\n\n<p>Il nostro obiettivo \u2013 concludono i due coordinatori Giuseppina Floris e Domenico Salis \u2013 \u00e8 coinvolgere il pi\u00f9 possibile chi crede che la politica sia lo strumento giusto per dare risposte ai cittadini. Sardegna al Centro \u00e8 nata per questo e noi con grande entusiasmo vogliamo dare sostanza a questo principio\u201d. Com<\/p>\n","protected":false},"excerpt":{"rendered":"<p>Nuoro, 17 Ott 2023 &#8211; Il riscatto del territorio del nuorese passa per un progetto politico che nasce dal basso, dall\u2019ascolto e dal confronto con&#8230;<\/p>\n","protected":false},"author":2,"featured_media":241422,"comment_status":"closed","ping_status":"open","sticky":false,"template":"","format":"standard","meta":[],"categories":[49,52],"tags":[],"_links":{"self":[{"href":"https:\/\/www.cronacaonline.it\/index.php\/wp-json\/wp\/v2\/posts\/241421"}],"collection":[{"href":"https:\/\/www.cronacaonline.it\/index.php\/wp-json\/wp\/v2\/posts"}],"about":[{"href":"https:\/\/www.cronacaonline.it\/index.php\/wp-json\/wp\/v2\/types\/post"}],"author":[{"embeddable":true,"href":"https:\/\/www.cronacaonline.it\/index.php\/wp-json\/wp\/v2\/users\/2"}],"replies":[{"embeddable":true,"href":"https:\/\/www.cronacaonline.it\/index.php\/wp-json\/wp\/v2\/comments?post=241421"}],"version-history":[{"count":1,"href":"https:\/\/www.cronacaonline.it\/index.php\/wp-json\/wp\/v2\/posts\/241421\/revisions"}],"predecessor-version":[{"id":241423,"href":"https:\/\/www.cronacaonline.it\/index.php\/wp-json\/wp\/v2\/posts\/241421\/revisions\/241423"}],"wp:featuredmedia":[{"embeddable":true,"href":"https:\/\/www.cronacaonline.it\/index.php\/wp-json\/wp\/v2\/media\/241422"}],"wp:attachment":[{"href":"https:\/\/www.cronacaonline.it\/index.php\/wp-json\/wp\/v2\/media?parent=241421"}],"wp:term":[{"taxonomy":"category","embeddable":true,"href":"https:\/\/www.cronacaonline.it\/index.php\/wp-json\/wp\/v2\/categories?post=241421"},{"taxonomy":"post_tag","embeddable":true,"href":"https:\/\/www.cronacaonline.it\/index.php\/wp-json\/wp\/v2\/tags?post=241421"}],"curies":[{"name":"wp","href":"https:\/\/api.w.org\/{rel}","templated":true}]}}