{"id":241380,"date":"2023-10-16T16:02:16","date_gmt":"2023-10-16T14:02:16","guid":{"rendered":"https:\/\/www.cronacaonline.it\/?p=241380"},"modified":"2023-10-16T16:02:19","modified_gmt":"2023-10-16T14:02:19","slug":"convegno-cooperazione-internazionale-agenda-2030-per-lo-sviluppo-sostenibile-e-rilancio-dei-territori","status":"publish","type":"post","link":"https:\/\/www.cronacaonline.it\/index.php\/2023\/10\/16\/convegno-cooperazione-internazionale-agenda-2030-per-lo-sviluppo-sostenibile-e-rilancio-dei-territori\/","title":{"rendered":"Convegno \u201ccooperazione internazionale agenda 2030 per lo sviluppo sostenibile e rilancio dei territori\u201d."},"content":{"rendered":"\n<p>Cagliari,16 Ott 2023 \u2013\u00a0\u201cI rapporti tra l\u2019Europa e l\u2019Africa avranno un ruolo cruciale in futuro. Da qui l'importanza della cooperazione internazionale. Lo ripeto spesso anch\u2019io, soprattutto in occasione di interventi rivolti a sostegno dei lavoratori e delle comunit\u00e0 in difficolt\u00e0, \u2018Non lasceremo indietro nessuno\u2019, \u00e8 il principio dell\u2019Agenda 2030 dell\u2019ONU per lo sviluppo sostenibile, che ha lo scopo di promuovere la crescita economica, sociale e la transizione ecologica, un impegno che la Regione ha accolto nella sua strategia di sviluppo,\u00a0aumentando le risorse per la cooperazione e l\u2019ambiente e sostenendo programmi integrati e multisettoriali, che consentano di contribuire ad una crescita pi\u00f9 inclusiva e sostenibile e all\u2019autodeterminazione dei popoli e dei territori, in un\u2019ottica di reciproco scambio di valori e opportunit\u00e0\u201d.\u00a0<\/p>\n\n\n\n<p>Cos\u00ec il Presidente della Regione Sardegna, a margine del convegno \u201cCooperazione internazionale, Agenda 2030 per lo sviluppo sostenibile e rilancio dei territori: mobilit\u00e0 sostenibile e ruolo degli attori locali\u201d.&nbsp;Una due giorni di confronto sul tema, organizzato dalla Regione Sardegna in collaborazione con Openmed, in programma oggi, a Cagliari presso il Campus Aresu, e domani a Olbia, nella Sala Ludovici dell\u2019Aeroporto.<\/p>\n\n\n\n<p>Sono intervenuti, oggi, al seminario internazionale: i rappresentanti della Regione, del Comune&nbsp;di Pikine (Senegal), delle Universit\u00e0 di Cagliari e Sassari, le ONG, le associazioni di categoria e l\u2019imprenditoria locale.<\/p>\n\n\n\n<p>\u201cCooperare significa, oggi, co-progettare co-programmare, fare rete in una logica di condivisone, per costruire un mondo diverso, pi\u00f9 sostenibile - ha dichiarato l\u2019Assessore regionale del Lavoro, Ada Lai - La Regione \u00e8 pronta a rilanciare il tavolo per la cooperazione internazionale, un organo consultivo di confronto con tutte le realt\u00e0 impegnate sul campo,&nbsp;istituzioni, organizzazioni del privato, del sociale, del mondo del volontariato, associazioni di categoria e&nbsp;&nbsp;universit\u00e0, per costruire percorsi progettuali condivisi, che pongano al centro la persona nelle politiche attive di inclusione e di creazione d\u2019impresa\u201d.&nbsp;<\/p>\n\n\n\n<p>Nella giornata odierna \u00e8 stato affrontato il tema della mobilit\u00e0 sostenibile, che ha almeno due dimensioni: l\u2019impatto dei mezzi di trasporto inquinanti sul clima ed il diritto ad una mobilit\u00e0 che garantisca opportunit\u00e0 lavorative adeguate e giuste.&nbsp;<\/p>\n\n\n\n<p>\u201cAttualmente - spiega Lai - il nostro Assessorato \u00e8 impegnato nella realizzazione del progetto Reti al Lavoro \u2013 Percorsi in Comune per giovani e donne in Senegal. Un intervento di cui andiamo fieri perch\u00e9 pone particolare attenzione al mondo giovanile e alla condizione di svantaggio femminile in diverse aree del Senegal con una&nbsp;duplice finalit\u00e0: incentivare l\u2019occupazione tra le fasce pi\u00f9 deboli della societ\u00e0 civile senegalese e contrastare il fenomeno dei flussi migratori incontrollati, potenziando le competenze delle autorit\u00e0 locali e consolidando il network dei partenariati territoriali\u201d.<\/p>\n\n\n\n<p>Domani, a Olbia, si approfondir\u00e0 il ruolo che gli attori sociali, quali le imprese, le fondazioni, le istituzioni finanziarie, le ONG internazionali e locali, le associazioni di categoria e le universit\u00e0, possono svolgere oggi per avviare un percorso sinergico che miri ad uno stesso obiettivo: promuovere l\u2019inclusione sociale e ridurre le diseguaglianze tra i Paesi e all\u2019interno delle rispettive societ\u00e0.&nbsp;Com<\/p>\n","protected":false},"excerpt":{"rendered":"<p>Cagliari,16 Ott 2023 \u2013\u00a0\u201cI rapporti tra l\u2019Europa e l\u2019Africa avranno un ruolo cruciale in futuro. Da qui l&#8217;importanza della cooperazione internazionale. Lo ripeto spesso anch\u2019io,&#8230;<\/p>\n","protected":false},"author":2,"featured_media":235953,"comment_status":"closed","ping_status":"open","sticky":false,"template":"","format":"standard","meta":[],"categories":[49,52],"tags":[],"_links":{"self":[{"href":"https:\/\/www.cronacaonline.it\/index.php\/wp-json\/wp\/v2\/posts\/241380"}],"collection":[{"href":"https:\/\/www.cronacaonline.it\/index.php\/wp-json\/wp\/v2\/posts"}],"about":[{"href":"https:\/\/www.cronacaonline.it\/index.php\/wp-json\/wp\/v2\/types\/post"}],"author":[{"embeddable":true,"href":"https:\/\/www.cronacaonline.it\/index.php\/wp-json\/wp\/v2\/users\/2"}],"replies":[{"embeddable":true,"href":"https:\/\/www.cronacaonline.it\/index.php\/wp-json\/wp\/v2\/comments?post=241380"}],"version-history":[{"count":1,"href":"https:\/\/www.cronacaonline.it\/index.php\/wp-json\/wp\/v2\/posts\/241380\/revisions"}],"predecessor-version":[{"id":241383,"href":"https:\/\/www.cronacaonline.it\/index.php\/wp-json\/wp\/v2\/posts\/241380\/revisions\/241383"}],"wp:featuredmedia":[{"embeddable":true,"href":"https:\/\/www.cronacaonline.it\/index.php\/wp-json\/wp\/v2\/media\/235953"}],"wp:attachment":[{"href":"https:\/\/www.cronacaonline.it\/index.php\/wp-json\/wp\/v2\/media?parent=241380"}],"wp:term":[{"taxonomy":"category","embeddable":true,"href":"https:\/\/www.cronacaonline.it\/index.php\/wp-json\/wp\/v2\/categories?post=241380"},{"taxonomy":"post_tag","embeddable":true,"href":"https:\/\/www.cronacaonline.it\/index.php\/wp-json\/wp\/v2\/tags?post=241380"}],"curies":[{"name":"wp","href":"https:\/\/api.w.org\/{rel}","templated":true}]}}