{"id":241296,"date":"2023-10-13T13:20:44","date_gmt":"2023-10-13T11:20:44","guid":{"rendered":"https:\/\/www.cronacaonline.it\/?p=241296"},"modified":"2023-10-13T13:20:47","modified_gmt":"2023-10-13T11:20:47","slug":"ambiente-la-sardegna-alla-euregionsweek-assessore-porcu-a-livello-europeo-nei-campi-dello-sviluppo-sostenibile-e-delladattamento-ai-cambiamenti-climatici-siamo-allavangu","status":"publish","type":"post","link":"https:\/\/www.cronacaonline.it\/index.php\/2023\/10\/13\/ambiente-la-sardegna-alla-euregionsweek-assessore-porcu-a-livello-europeo-nei-campi-dello-sviluppo-sostenibile-e-delladattamento-ai-cambiamenti-climatici-siamo-allavangu\/","title":{"rendered":"Ambiente, la Sardegna alla #euregionsweek. Assessore Porcu: \u2018a livello europeo nei campi dello sviluppo sostenibile e dell\u2019adattamento ai cambiamenti climatici siamo all\u2019avanguardia\u2019."},"content":{"rendered":"\n<p>Cagliari, 13 Ott 2023\u00a0\u2013 \u201cA livello europeo, la Regione Sardegna \u00e8 all\u2019avanguardia per le sue esperienze e strategie in materia di sviluppo sostenibile, previsione e adattamento ai cambiamenti climatici\u201d. Lo ha detto l\u2019assessore regionale della Difesa dell\u2019ambiente, Marco Porcu, in riferimento alla partecipazione dei responsabili del\u00a0Servizio sostenibilit\u00e0 ambientale, valutazione strategica e sistemi informativi (Svasi) della Regione\u00a0all\u2019evento #EURegionsWeek di Bruxelles, dove sono state presentate e discusse le strategie regionali.<\/p>\n\n\n\n<p>\u201cIl lavoro svolto dalla Regione negli ultimi anni, peraltro in costante aggiornamento, \u00e8 stato individuato come esempio di buona pratica dalla Commissione europea e dal Comitato delle Regioni \u2013 ha aggiunto l\u2019assessore Porcu \u2013 Le strategie sullo sviluppo sostenibile e sull\u2019adattamento ai cambiamenti climatici, fortemente correlate tra loro, costituiscono uno strumento importante per definire consapevolmente le politiche d\u2019azione per il futuro, non solo a livello ambientale, ma su tutte le direttrici individuate dall\u2019Agenda 2030 dell\u2019Onu\u201d.<\/p>\n\n\n\n<p>\u201cOltre che prevedere strutture e risorse adeguate per proseguire nel percorso virtuoso tracciato dall'Assessorato, \u00e8 importante individuare i meccanismi che consentano di dare attuazione concreta alle strategie, in tutte le varie declinazioni, in modo da realizzare piani, azioni e infrastrutture lungimiranti e proiettate nel futuro. Per questo, \u00e8 necessario proseguire nell\u2019attivit\u00e0 di coinvolgimento degli enti territoriali e della societ\u00e0 civile per avvicinare le realt\u00e0 locali alle opportunit\u00e0 connesse allo sviluppo sostenibile e per anticipare i rischi e adattarsi ai cambiamenti climatici\u201d, ha concluso l\u2019Assessore dell\u2019Ambiente.&nbsp;Com<\/p>\n","protected":false},"excerpt":{"rendered":"<p>Cagliari, 13 Ott 2023\u00a0\u2013 \u201cA livello europeo, la Regione Sardegna \u00e8 all\u2019avanguardia per le sue esperienze e strategie in materia di sviluppo sostenibile, previsione e&#8230;<\/p>\n","protected":false},"author":2,"featured_media":230444,"comment_status":"closed","ping_status":"open","sticky":false,"template":"","format":"standard","meta":[],"categories":[49,52],"tags":[],"_links":{"self":[{"href":"https:\/\/www.cronacaonline.it\/index.php\/wp-json\/wp\/v2\/posts\/241296"}],"collection":[{"href":"https:\/\/www.cronacaonline.it\/index.php\/wp-json\/wp\/v2\/posts"}],"about":[{"href":"https:\/\/www.cronacaonline.it\/index.php\/wp-json\/wp\/v2\/types\/post"}],"author":[{"embeddable":true,"href":"https:\/\/www.cronacaonline.it\/index.php\/wp-json\/wp\/v2\/users\/2"}],"replies":[{"embeddable":true,"href":"https:\/\/www.cronacaonline.it\/index.php\/wp-json\/wp\/v2\/comments?post=241296"}],"version-history":[{"count":1,"href":"https:\/\/www.cronacaonline.it\/index.php\/wp-json\/wp\/v2\/posts\/241296\/revisions"}],"predecessor-version":[{"id":241297,"href":"https:\/\/www.cronacaonline.it\/index.php\/wp-json\/wp\/v2\/posts\/241296\/revisions\/241297"}],"wp:featuredmedia":[{"embeddable":true,"href":"https:\/\/www.cronacaonline.it\/index.php\/wp-json\/wp\/v2\/media\/230444"}],"wp:attachment":[{"href":"https:\/\/www.cronacaonline.it\/index.php\/wp-json\/wp\/v2\/media?parent=241296"}],"wp:term":[{"taxonomy":"category","embeddable":true,"href":"https:\/\/www.cronacaonline.it\/index.php\/wp-json\/wp\/v2\/categories?post=241296"},{"taxonomy":"post_tag","embeddable":true,"href":"https:\/\/www.cronacaonline.it\/index.php\/wp-json\/wp\/v2\/tags?post=241296"}],"curies":[{"name":"wp","href":"https:\/\/api.w.org\/{rel}","templated":true}]}}