{"id":241273,"date":"2023-10-13T08:23:37","date_gmt":"2023-10-13T06:23:37","guid":{"rendered":"https:\/\/www.cronacaonline.it\/?p=241273"},"modified":"2023-10-13T08:23:40","modified_gmt":"2023-10-13T06:23:40","slug":"assunzioni-oss-in-sardegna-dichiarazione-della-consigliera-regionale-carlo-cuccu-la-regione-sarda-agisca-per-stabilizzare-queste-preziose-figure","status":"publish","type":"post","link":"https:\/\/www.cronacaonline.it\/index.php\/2023\/10\/13\/assunzioni-oss-in-sardegna-dichiarazione-della-consigliera-regionale-carlo-cuccu-la-regione-sarda-agisca-per-stabilizzare-queste-preziose-figure\/","title":{"rendered":"Assunzioni Oss in Sardegna: Dichiarazione della consigliera regionale Carlo Cuccu, \u2018la Regione sarda agisca per stabilizzare queste preziose figure\u2019."},"content":{"rendered":"\n<p>Cagliari, 13 Ott 2023 \u2013 \u201cHo una grande preoccupazione riguardo alla difficile situazione degli Operatori Socio Sanitari (OSS) nella nostra Sardegna. In un periodo in cui il sistema sanitario sardo ha fatto affidamento su queste figure cruciali durante l'emergenza Covid, molti di loro si trovano ora in una condizione di precariato che dura da oltre 3 anni\u201d.<\/p>\n\n\n\n<p>\u201cGli Oss hanno dimostrato una dedizione straordinaria nel servizio alla comunit\u00e0, spesso rispondendo prontamente alle chiamate, lavorando in condizioni estreme e contribuendo in modo fondamentale nel periodo di crisi sanitaria dovuto alla pandemia. Tuttavia, nonostante il loro ruolo di massima importanza, molti di loro non sono stati ancora stabilizzati e rimangono in attesa di un'assunzione a tempo indeterminato\u201d. Lo afferma in una nota Carla Cuccu, la consigliera regionale segretaria della Commissione Sanit\u00e0.<br>Molti di questi professionisti non fanno parte di alcuna graduatoria, ma hanno acquisito un'esperienza preziosa e richiedono una soluzione immediata per la loro situazione lavorativa. La recente stabilizzazione degli OSS che hanno lavorato almeno 18 mesi tramite agenzie interinali ha escluso proprio coloro che hanno svolto un ruolo chiave durante l'emergenza Covid.<\/p>\n\n\n\n<p>\u201c\u00c8 importante sottolineare che in Sardegna, un concorso per 54 posti \u00e8 stato revocato, mentre un concorso per 57 posti \u00e8 ancora attivo. Attualmente sono oltre 137 gli operatori socio sanitari che hanno richiesto la stabilizzazione\u201d.<\/p>\n\n\n\n<p>\u201cLa sentenza n.7780 del 7 settembre 2022 del Consiglio di Stato ha dichiarato illegittimo l'annuncio di un nuovo concorso in presenza di una graduatoria ancora valida per la stessa figura professionale. Questo rende evidente la necessit\u00e0 di adottare misure mirate e concrete per garantire un'assunzione stabile agli OSS che hanno gi\u00e0 lavorato ed acquisito esperienza nei nosocomi sardi\u201d.<\/p>\n\n\n\n<p>\u201cHo depositato un\u2019interrogazione in questi giorni, chiedendo risposte immediate al presidente della Regione Sardegna ed all\u2019assessore alla Sanit\u00e0 Doria. La Regione ed ARES devono considerare con seriet\u00e0 questa situazione e smettere di cercare nuovi operatori socio sanitari altrove attraverso nuovi bandi. Che senso ha reclutare nuovo personale da formare quando \u00e8 immediatamente disponibile un personale formato, che pu\u00f2 essere immediatamente inserito nel circuito lavorativo della sanit\u00e0 in Sardegna? Si tratta di figure specializzate, che con la loro dedizione e professionalit\u00e0, hanno lavorato nelle condizioni pi\u00f9 critiche. E\u2019 giusto dare priorit\u00e0 a loro\u201d.<\/p>\n\n\n\n<p>\u201c\u00c8 fondamentale \u2013 conclude la Cuccu - dare la giusta priorit\u00e0 a chi ha dimostrato dedizione e competenza, offrendo loro un contratto a tempo indeterminato che garantir\u00e0 stabilit\u00e0 non solo a loro, ma anche alle loro famiglie\u201d. Red<\/p>\n","protected":false},"excerpt":{"rendered":"<p>Cagliari, 13 Ott 2023 \u2013 \u201cHo una grande preoccupazione riguardo alla difficile situazione degli Operatori Socio Sanitari (OSS) nella nostra Sardegna. In un periodo in&#8230;<\/p>\n","protected":false},"author":2,"featured_media":233830,"comment_status":"closed","ping_status":"open","sticky":false,"template":"","format":"standard","meta":[],"categories":[49,52],"tags":[],"_links":{"self":[{"href":"https:\/\/www.cronacaonline.it\/index.php\/wp-json\/wp\/v2\/posts\/241273"}],"collection":[{"href":"https:\/\/www.cronacaonline.it\/index.php\/wp-json\/wp\/v2\/posts"}],"about":[{"href":"https:\/\/www.cronacaonline.it\/index.php\/wp-json\/wp\/v2\/types\/post"}],"author":[{"embeddable":true,"href":"https:\/\/www.cronacaonline.it\/index.php\/wp-json\/wp\/v2\/users\/2"}],"replies":[{"embeddable":true,"href":"https:\/\/www.cronacaonline.it\/index.php\/wp-json\/wp\/v2\/comments?post=241273"}],"version-history":[{"count":1,"href":"https:\/\/www.cronacaonline.it\/index.php\/wp-json\/wp\/v2\/posts\/241273\/revisions"}],"predecessor-version":[{"id":241274,"href":"https:\/\/www.cronacaonline.it\/index.php\/wp-json\/wp\/v2\/posts\/241273\/revisions\/241274"}],"wp:featuredmedia":[{"embeddable":true,"href":"https:\/\/www.cronacaonline.it\/index.php\/wp-json\/wp\/v2\/media\/233830"}],"wp:attachment":[{"href":"https:\/\/www.cronacaonline.it\/index.php\/wp-json\/wp\/v2\/media?parent=241273"}],"wp:term":[{"taxonomy":"category","embeddable":true,"href":"https:\/\/www.cronacaonline.it\/index.php\/wp-json\/wp\/v2\/categories?post=241273"},{"taxonomy":"post_tag","embeddable":true,"href":"https:\/\/www.cronacaonline.it\/index.php\/wp-json\/wp\/v2\/tags?post=241273"}],"curies":[{"name":"wp","href":"https:\/\/api.w.org\/{rel}","templated":true}]}}