{"id":241258,"date":"2023-10-12T12:29:32","date_gmt":"2023-10-12T10:29:32","guid":{"rendered":"https:\/\/www.cronacaonline.it\/?p=241258"},"modified":"2023-10-12T12:29:34","modified_gmt":"2023-10-12T10:29:34","slug":"turismo-la-sardegna-al-ttg-travel-assessore-chessa-a-rimini-riprende-la-promozione-della-sardegna-con-la-sua-proposta-turistica","status":"publish","type":"post","link":"https:\/\/www.cronacaonline.it\/index.php\/2023\/10\/12\/turismo-la-sardegna-al-ttg-travel-assessore-chessa-a-rimini-riprende-la-promozione-della-sardegna-con-la-sua-proposta-turistica\/","title":{"rendered":"Turismo, la Sardegna al \u2018Ttg Travel\u2019. Assessore Chessa: \u2018a rimini riprende la promozione della Sardegna con la sua proposta turistica\u2019."},"content":{"rendered":"\n<p>Rimini, 12 Ott 2023\u00a0\u2013 \u201cMentre la stagione turistica isolana \u00e8 ancora in corso, siamo gi\u00e0 pronti a riproporre la \u2018Destinazione Sardegna\u2019 nei pi\u00f9 rilevanti appuntamenti fieristici nazionali e internazionali. Quella di Rimini, infatti, \u00e8 una delle pi\u00f9 importanti manifestazioni \u2018B2B\u2019 per la promozione del turismo e per la commercializzazione dell\u2019offerta turistica nel mondo\u201d.\u00a0Lo ha detto l\u2019assessore regionale del Turismo, Gianni Chessa, durante l\u2019incontro con la stampa nello \u2018spazio Sardegna\u2019 all\u2019interno della 60^ edizione della \u201cTTG - Travel experience\u201d, che si svolge, nel quartiere fieristico di Rimini, da mercoled\u00ec 11 a venerd\u00ec 13 ottobre.\u00a0<\/p>\n\n\n\n<p>Tre giorni di dibattiti, seminari e incontri, oltre a momenti di formazione e informazione. Oltre 200 appuntamenti che fanno da cornice agli incontri tra gli operatori internazionali e le principali aziende del comparto italiano (enti del turismo, tour operator, agenzie di viaggi, compagnie aeree, trasporti, strutture ricettive, servizi per il turismo, tecnologia e soluzioni innovative). In questa edizione 2023 ci saranno oltre 1.000 buyer esteri, provenienti da 62 paesi (58% europeo e 42% extraeuropeo).<\/p>\n\n\n\n<p>Lo stand della Sardegna ha uno spazio espositivo di 608 mq con 46 espositori, in rappresentanza dei vari comparti del settore turistico isolano: strutture ricettive; agenzie di viaggio e tour operator; aziende di noleggio con conducente e bus operator; imprese di promozione turistica; societ\u00e0 di organizzazione eventi. Gli operatori presenti rappresentano l\u2019intero territorio isolano: 22 imprese arrivano dal sud Sardegna, 19 dal nord, le restanti dalle province di Nuoro e Oristano. Oltre agli spazi per gli espositori, sono stati allestiti anche due desk istituzionali, dove vengono fornite informazioni sulla Sardegna, e due aree di accoglienza per gli incontri coi buyer.<\/p>\n\n\n\n<p>Nello \u2018spazio Sardegna\u2019, inoltre, \u00e8 presente un percorso immersivo, caratterizzato, all'esterno, dalla presenza di una sintesi del verde della macchia mediterranea e, all\u2019interno, un percorso olfattivo dei profumi delle piante esposte e dei suoni della Sardegna.<\/p>\n\n\n\n<p>\u201cAnche per la fiera di Rimini la richiesta degli operatori \u00e8 cresciuta, tanto che abbiamo aumentato le postazioni dalle 40 previste a 46, a riprova dell\u2019importanza e del gradimento della promozione negli appuntamenti fieristici \u2013 ha aggiunto l\u2019assessore Chessa \u2013 In queste fondamentali occasioni possiamo presentare al mercato turistico una proposta completa, rafforzata dall\u2019unicit\u00e0 della nostra Isola, soprattutto per quanto riguarda storia, identit\u00e0, ambiente ed enogastronomia. Peculiarit\u00e0 rafforzate dalle iniziative finanziate dalla Regione, come l\u2019intensa programmazione triennale di un fitto calendario di manifestazioni sportive di livello internazionale, che, da qualche anno, stanno contribuendo a consacrare la Sardegna come \u2018isola dello sport\u2019. Per conseguire l\u2019obiettivo della destagionalizzazione, recita un ruolo fondamentale il turismo esperienziale, uno dei nuovi segmenti sui quali la Regione sta puntando con convinzione, attraverso alcune iniziative importanti. Nei giorni scorsi si \u00e8 svolto il progetto \u2018Noi camminiamo in Sardegna\u2019 che promuove cammini, destinazioni di pellegrinaggio e borghi. Il turismo lento e sostenibile rappresenta una proposta turistica di grosso successo negli ultimi anni, che contribuir\u00e0 ad integrare il tradizionale e consolidato turismo balneare. Oltre a consentire, grazie alla promozione e alla valorizzazione dell\u2019interno dell\u2019Isola, di realizzare un\u2019efficace lotta allo spopolamento, che preoccupa e minaccia la Sardegna\u201d.<\/p>\n\n\n\n<p>\u201cLe molteplici iniziative che abbiamo programmato hanno consentito di registrare numeri positivi con un incremento degli arrivi in porti e aeroporti sardi (nel 2023, tra gennaio e settembre, 6.377.247 contro i 6.005.971 del 2022 e 6.041.790 del 2019). Una proiezione consente di ipotizzare quota 8 milioni di arrivi per l\u2019intero 2023, circa un milione in pi\u00f9 rispetto all'anno record, il 2019. Un successo per la nostra Isola, testimoniato anche dai due recenti riconoscimenti della stampa internazionale: la rivista di viaggi \u2018Cond\u00e9 Nast Rearders\u2019 ha consacrato la Sardegna come isola europea pi\u00f9 gradita tra i suoi lettori e \u2018Forbes\u2019 l\u2019ha posizionata al primo posto tra le destinazioni suggerite per i viaggi nel 2024\u201d, ha concluso l\u2019Assessore del Turismo. Com<\/p>\n","protected":false},"excerpt":{"rendered":"<p>Rimini, 12 Ott 2023\u00a0\u2013 \u201cMentre la stagione turistica isolana \u00e8 ancora in corso, siamo gi\u00e0 pronti a riproporre la \u2018Destinazione Sardegna\u2019 nei pi\u00f9 rilevanti appuntamenti&#8230;<\/p>\n","protected":false},"author":2,"featured_media":241259,"comment_status":"closed","ping_status":"open","sticky":false,"template":"","format":"standard","meta":[],"categories":[49,52],"tags":[],"_links":{"self":[{"href":"https:\/\/www.cronacaonline.it\/index.php\/wp-json\/wp\/v2\/posts\/241258"}],"collection":[{"href":"https:\/\/www.cronacaonline.it\/index.php\/wp-json\/wp\/v2\/posts"}],"about":[{"href":"https:\/\/www.cronacaonline.it\/index.php\/wp-json\/wp\/v2\/types\/post"}],"author":[{"embeddable":true,"href":"https:\/\/www.cronacaonline.it\/index.php\/wp-json\/wp\/v2\/users\/2"}],"replies":[{"embeddable":true,"href":"https:\/\/www.cronacaonline.it\/index.php\/wp-json\/wp\/v2\/comments?post=241258"}],"version-history":[{"count":1,"href":"https:\/\/www.cronacaonline.it\/index.php\/wp-json\/wp\/v2\/posts\/241258\/revisions"}],"predecessor-version":[{"id":241260,"href":"https:\/\/www.cronacaonline.it\/index.php\/wp-json\/wp\/v2\/posts\/241258\/revisions\/241260"}],"wp:featuredmedia":[{"embeddable":true,"href":"https:\/\/www.cronacaonline.it\/index.php\/wp-json\/wp\/v2\/media\/241259"}],"wp:attachment":[{"href":"https:\/\/www.cronacaonline.it\/index.php\/wp-json\/wp\/v2\/media?parent=241258"}],"wp:term":[{"taxonomy":"category","embeddable":true,"href":"https:\/\/www.cronacaonline.it\/index.php\/wp-json\/wp\/v2\/categories?post=241258"},{"taxonomy":"post_tag","embeddable":true,"href":"https:\/\/www.cronacaonline.it\/index.php\/wp-json\/wp\/v2\/tags?post=241258"}],"curies":[{"name":"wp","href":"https:\/\/api.w.org\/{rel}","templated":true}]}}