{"id":241250,"date":"2023-10-12T09:59:31","date_gmt":"2023-10-12T07:59:31","guid":{"rendered":"https:\/\/www.cronacaonline.it\/?p=241250"},"modified":"2023-10-12T09:59:34","modified_gmt":"2023-10-12T07:59:34","slug":"renato-soru-nel-fine-settimana-ad-oristano-e-nuoro-proseguono-sempre-piu-fitti-gli-incontri-di-soru-con-i-cittadini-nei-vari-territori-della-sardegna","status":"publish","type":"post","link":"https:\/\/www.cronacaonline.it\/index.php\/2023\/10\/12\/renato-soru-nel-fine-settimana-ad-oristano-e-nuoro-proseguono-sempre-piu-fitti-gli-incontri-di-soru-con-i-cittadini-nei-vari-territori-della-sardegna\/","title":{"rendered":"Renato Soru, nel fine settimana ad Oristano e Nuoro: proseguono sempre pi\u00f9 fitti, gli incontri di Soru con i cittadini, nei vari territori della Sardegna."},"content":{"rendered":"\n<p>Cagliari, 12 Ott 2023 - Gli incontri \u201cLa Sardegna di oggi e del futuro\u201d in cui Soru presenta i punti chiave del suo programma politico per il governo della Sardegna, che uscir\u00e0 dalle elezioni del 2024, sono via via sempre pi\u00f9 partecipati, a dimostrazione che i sardi e le sarde sono stanchi delle alchimie dei tavoli politici ma desiderano confrontarsi sui temi che li riguardano direttamente con chi si propone di guidare la Sardegna nei prossimi anni.<\/p>\n\n\n\n<p>Per questo accogliendo gli inviti e le sollecitazioni che arrivano da tutti i territori della Sardegna Soru sta percorrendola tutta. Venerd\u00ec 13 ottobre alle ore 17.30 ad Oristano presso l\u2019Hospitalis Sancti Antoni in via Cagliari 161 dialogher\u00e0 con il giornalista Enrico Carta; mentre sabato 14 ottobre sempre alle ore 17.30 all\u2019Exm\u00e8 di piazza Mameli a Nuoro si confronter\u00e0 con Pier Franco Devias, dirigente di Liberu che \u00e8 anche promotore dell\u2019iniziativa insieme all\u2019 associazione Sardegna Europa.<\/p>\n\n\n\n<p>Dice Soru a questo proposito: \u201c\u00e8 tempo di ritrovarsi con i cittadini sardi per discutere insieme del presente e del futuro e riscoprire insieme la speranza e la necessit\u00e0 di camminare insieme. \u00c8 urgente trovare le risposte immediate ai principali problemi che attanagliano la Sardegna ed \u00e8 altrettanto urgente cogliere l\u2019opportunit\u00e0 di un mondo che cambia e delle straordinarie risorse europee e nazionali disponibili per un progetto di una Sardegna pi\u00f9 moderna e pi\u00f9 giusta\u201d. Com<\/p>\n","protected":false},"excerpt":{"rendered":"<p>Cagliari, 12 Ott 2023 &#8211; Gli incontri \u201cLa Sardegna di oggi e del futuro\u201d in cui Soru presenta i punti chiave del suo programma politico&#8230;<\/p>\n","protected":false},"author":2,"featured_media":2831,"comment_status":"closed","ping_status":"open","sticky":false,"template":"","format":"standard","meta":[],"categories":[49,52],"tags":[],"_links":{"self":[{"href":"https:\/\/www.cronacaonline.it\/index.php\/wp-json\/wp\/v2\/posts\/241250"}],"collection":[{"href":"https:\/\/www.cronacaonline.it\/index.php\/wp-json\/wp\/v2\/posts"}],"about":[{"href":"https:\/\/www.cronacaonline.it\/index.php\/wp-json\/wp\/v2\/types\/post"}],"author":[{"embeddable":true,"href":"https:\/\/www.cronacaonline.it\/index.php\/wp-json\/wp\/v2\/users\/2"}],"replies":[{"embeddable":true,"href":"https:\/\/www.cronacaonline.it\/index.php\/wp-json\/wp\/v2\/comments?post=241250"}],"version-history":[{"count":1,"href":"https:\/\/www.cronacaonline.it\/index.php\/wp-json\/wp\/v2\/posts\/241250\/revisions"}],"predecessor-version":[{"id":241251,"href":"https:\/\/www.cronacaonline.it\/index.php\/wp-json\/wp\/v2\/posts\/241250\/revisions\/241251"}],"wp:featuredmedia":[{"embeddable":true,"href":"https:\/\/www.cronacaonline.it\/index.php\/wp-json\/wp\/v2\/media\/2831"}],"wp:attachment":[{"href":"https:\/\/www.cronacaonline.it\/index.php\/wp-json\/wp\/v2\/media?parent=241250"}],"wp:term":[{"taxonomy":"category","embeddable":true,"href":"https:\/\/www.cronacaonline.it\/index.php\/wp-json\/wp\/v2\/categories?post=241250"},{"taxonomy":"post_tag","embeddable":true,"href":"https:\/\/www.cronacaonline.it\/index.php\/wp-json\/wp\/v2\/tags?post=241250"}],"curies":[{"name":"wp","href":"https:\/\/api.w.org\/{rel}","templated":true}]}}