{"id":241210,"date":"2023-10-11T12:42:08","date_gmt":"2023-10-11T10:42:08","guid":{"rendered":"https:\/\/www.cronacaonline.it\/?p=241210"},"modified":"2023-10-11T12:42:11","modified_gmt":"2023-10-11T10:42:11","slug":"insularita-il-vicepresidente-fasolino-a-bruxelles-territori-insulari-siano-al-centro-delle-politiche-europee","status":"publish","type":"post","link":"https:\/\/www.cronacaonline.it\/index.php\/2023\/10\/11\/insularita-il-vicepresidente-fasolino-a-bruxelles-territori-insulari-siano-al-centro-delle-politiche-europee\/","title":{"rendered":"Insularit\u00e0, il vicepresidente Fasolino a Bruxelles: \u201cterritori insulari siano al centro delle politiche europee."},"content":{"rendered":"\n<p>Cagliari, 11 Ott 2023 -\u00a0\u201cRinnovo la volont\u00e0 di farci parte attiva nei confronti dell\u2019Unione europea per trovare, secondo un approccio costruttivo, soluzioni condivise a problemi comuni. Un anno fa, con la risoluzione sulle Isole, abbiamo voluto tracciare un percorso di dialogo con le istituzioni dell\u2019Unione europea per portare nell\u2019agenda della UE il tema dei territori insulari. Oggi chiediamo che la Commissione europea, gi\u00e0 prima delle prossime elezioni europee, traduca la risoluzione in una proposta di regolamento\u201d. Lo ha detto il vicepresidente della Giunta regionale, Giuseppe Fasolino, stamattina a Bruxelles intervenendo alla conferenza politica di alto livello \u2018Lo scenario dopo la risoluzione del Parlamento europeo sulle regioni insulari: quali i prossimi passi?\u2019 in qualit\u00e0 di delegato del Presidente della Regione.<\/p>\n\n\n\n<p>Al centro dell\u2019intervento del vicepresidente Fasolino anche la proposta di istituire&nbsp;una task force inter-istituzionale per i diritti delle Isole di cui \u00e8 stato promotore il Presidente della Regione, Christian Solinas. \u201cUna task force -&nbsp;ha spiegato Fasolino - fortemente voluta dal Presidente e sostenuta da tutti i Presidenti delle Isole d\u2019Europa, che oltre ad essere un valido strumento per accompagnare il lavoro della Commissione sarebbe sicuramente un segnale forte che avvicinerebbe l\u2019Europa ai nostri territori: ci aspettiamo che le istituzioni europee, e la Commissione europea in particolare, prendano atto delle sfide sociali, economiche e demografiche che la condizione di insularit\u00e0 ci impone\u201d.<\/p>\n\n\n\n<p>Organizzata dall\u2019Ufficio di Bruxelles della Regione Sardegna che \u00e8 la regione capofila del partenariato delle Regioni insulari periferiche del Mediterraneo costituito appunto da Sardegna (Italia), Isole Baleari (Spagna), Corsica (Francia), Gozo (Malta), Isole Ionie e Creta (Grecia), la conferenza inserita nel quadro della \u201cSettimana europea delle Regioni e delle citt\u00e0\u201d ha visto la partecipazione, tra gli altri, del presidente della commissione per lo sviluppo regionale, Younous Omarjee.<\/p>\n\n\n\n<p>\u201cNon si tratta di una questione nuova nel dibattito europeo \u2013 ha evidenziato il vicepresidente Fasolino -&nbsp;&nbsp;Il Trattato sul Funzionamento dell\u2019Unione europea, infatti, declina l\u2019obiettivo della coesione, e quindi del superamento dei divari nel livello di sviluppo tra regioni, in tre dimensioni, una delle quali \u00e8 quella territoriale. Eppure, quella insulare \u00e8 una questione ancora aperta, e molta strada resta da fare per giungere a una piena attuazione delle disposizioni del Trattato \u2013 ha proseguito - Vivere in un\u2019isola non \u00e8 una condizione territoriale neutra, n\u00e9 per i cittadini, n\u00e9 per le imprese. Per questo motivo nel 2023 le nostre sei Regioni insulari hanno sottoscritto una dichiarazione politica per sollecitare le istituzioni europee a iniziare un percorso di collaborazione con noi\u201d.<\/p>\n\n\n\n<p>L\u2019esponente della Giunta sarda ha ricordato le tappe e le richieste di cui si \u00e8 fatta promotrice la Regione Sardegna: \u201cAbbiamo chiesto&nbsp;che la questione territoriale sia istituzionalizzata, attraverso una&nbsp;task force&nbsp;in cui trovino espressione il Parlamento europeo, la Commissione europea, il Comitato delle Regioni, e i rappresentanti delle Regioni insulari. Abbiamo chiesto inoltre che i territori insulari siano maggiormente considerati nella formulazione delle politiche europee,&nbsp;fin dalle fasi preliminari&nbsp;ed \u00e8 per questo che riteniamo importante che gli studi compiuti dalla Commissione europea contengano un focus dedicato ai territori insulari. Mi riferisco in particolare alla&nbsp;relazione sulla coesione economica, sociale e territoriale di prossima pubblicazione,&nbsp;che regolarmente trascura le isole, nonostante sia una dimensione territoriale citata espressamente dall\u2019art. 174 del TFUE. Analoga richiesta \u2013 ha evidenziato - \u00e8 stata presentata al Comitato delle Regioni, in relazione al suo&nbsp;Rapporto annuale sullo stato delle regioni e delle citt\u00e0 dell'UE: ci aspettiamo anche in questa sede una attenzione specifica per i nostri territori\u201d.<\/p>\n\n\n\n<p>Nel corso del 2023, ha sottolineato ancora il vicepresidente Fasolino, \u201cgrazie alla stretta collaborazione con soggetti istituzionali presenti a Bruxelles,&nbsp;siamo riusciti a emendare il regolamento europeo&nbsp;che prevede la decarbonizzazione progressiva dei carburanti nelle flotte civili e commerciali, con misure di esenzione per le rotte che collegano le isole al continente. Gli interventi per la tutela dell\u2019ambiente, che \u00e8 un obiettivo strategico condiviso e patrimonio comune dei nostri valori a favore di un paradigma di maggiore tutela del clima, produrranno come effetto collaterale un sensibile aumento dei costi di trasporto marittimo, che \u00e8 una&nbsp;infrastruttura vitale per le regioni insulari&nbsp;in cui, soprattutto per le merci, non esistono modalit\u00e0 di trasporto alternative. Questo dispositivo \u2013 ha evidenziato - \u00e8 l\u2019esempio plastico della necessit\u00e0 di una preliminare valutazione degli impatti che la legislazione e le politiche della UE possono produrre nei nostri territori, i cui svantaggi strutturali e permanenti richiedono un approccio specifico\u201d.<\/p>\n\n\n\n<p>Per questi stessi motivi, ha concluso l\u2019esponente della Giunta, \u201cil Presidente della Sardegna ha presentato degli emendamenti al parere del Comitato delle Regioni sul futuro della politica di coesione,&nbsp;votati all\u2019unanimit\u00e0 dalla commissione Coter, per sottolineare una volta di pi\u00f9 la necessit\u00e0 a che la dimensione insulare sia parte integrante delle politiche della UE e sia adottato&nbsp;un quadro normativo ad hoc&nbsp;per le isole.&nbsp;Non si tratta di richiedere una posizione di privilegio, ma al contrario permettere ai nostri cittadini le stesse condizioni di vita delle altre regioni, e alle nostre imprese di&nbsp;poter concorrere ad armi pari&nbsp;con quelle presenti in altri territori\u201d. Com<\/p>\n","protected":false},"excerpt":{"rendered":"<p>Cagliari, 11 Ott 2023 &#8211;\u00a0\u201cRinnovo la volont\u00e0 di farci parte attiva nei confronti dell\u2019Unione europea per trovare, secondo un approccio costruttivo, soluzioni condivise a problemi&#8230;<\/p>\n","protected":false},"author":2,"featured_media":241211,"comment_status":"closed","ping_status":"open","sticky":false,"template":"","format":"standard","meta":[],"categories":[49,52],"tags":[],"_links":{"self":[{"href":"https:\/\/www.cronacaonline.it\/index.php\/wp-json\/wp\/v2\/posts\/241210"}],"collection":[{"href":"https:\/\/www.cronacaonline.it\/index.php\/wp-json\/wp\/v2\/posts"}],"about":[{"href":"https:\/\/www.cronacaonline.it\/index.php\/wp-json\/wp\/v2\/types\/post"}],"author":[{"embeddable":true,"href":"https:\/\/www.cronacaonline.it\/index.php\/wp-json\/wp\/v2\/users\/2"}],"replies":[{"embeddable":true,"href":"https:\/\/www.cronacaonline.it\/index.php\/wp-json\/wp\/v2\/comments?post=241210"}],"version-history":[{"count":1,"href":"https:\/\/www.cronacaonline.it\/index.php\/wp-json\/wp\/v2\/posts\/241210\/revisions"}],"predecessor-version":[{"id":241212,"href":"https:\/\/www.cronacaonline.it\/index.php\/wp-json\/wp\/v2\/posts\/241210\/revisions\/241212"}],"wp:featuredmedia":[{"embeddable":true,"href":"https:\/\/www.cronacaonline.it\/index.php\/wp-json\/wp\/v2\/media\/241211"}],"wp:attachment":[{"href":"https:\/\/www.cronacaonline.it\/index.php\/wp-json\/wp\/v2\/media?parent=241210"}],"wp:term":[{"taxonomy":"category","embeddable":true,"href":"https:\/\/www.cronacaonline.it\/index.php\/wp-json\/wp\/v2\/categories?post=241210"},{"taxonomy":"post_tag","embeddable":true,"href":"https:\/\/www.cronacaonline.it\/index.php\/wp-json\/wp\/v2\/tags?post=241210"}],"curies":[{"name":"wp","href":"https:\/\/api.w.org\/{rel}","templated":true}]}}