{"id":241208,"date":"2023-10-11T11:48:03","date_gmt":"2023-10-11T09:48:03","guid":{"rendered":"https:\/\/www.cronacaonline.it\/?p=241208"},"modified":"2023-10-11T11:48:05","modified_gmt":"2023-10-11T09:48:05","slug":"meloni-pd-urgente-risolvere-le-criticita-circa-la-composizione-e-convocazione-delle-commissioni-mediche-per-linvalidita-fragili-anziani-e-minori-lasciati-soli","status":"publish","type":"post","link":"https:\/\/www.cronacaonline.it\/index.php\/2023\/10\/11\/meloni-pd-urgente-risolvere-le-criticita-circa-la-composizione-e-convocazione-delle-commissioni-mediche-per-linvalidita-fragili-anziani-e-minori-lasciati-soli\/","title":{"rendered":"Meloni Pd: Urgente risolvere le criticit\u00e0 circa la composizione e convocazione delle Commissioni Mediche per l\u2019invalidit\u00e0, fragili, anziani e minori lasciati soli."},"content":{"rendered":"\n<p>Cagliari, 11 Ott 2023 \u2013 \u00c8 noto che le Commissioni mediche per la valutazione delle richieste di invalidit\u00e0, che fino al mese di agosto scorso venivano convocate pressoch\u00e9 giornalmente, hanno liste di attesa lunghissime: Peraltro giungono frequenti segnalazioni di sedute delle commissioni gi\u00e0 fissate e sconvocate e rimandate a data da destinarsi, lasciando i cittadini senza un servizio fondamentale.<\/p>\n\n\n\n<p>La Regione, con una delibera dell'agosto scorso, ha inteso fornire indirizzi applicativi volti a razionalizzare e regolamentare la materia uniformando il pi\u00f9 possibile il modus operandi delle aziende stesse, ferma restando l\u2019autonomia di ciascuna Azienda Locale.<\/p>\n\n\n\n<p>Detti indirizzi applicativi tuttavia non pare aiutino a superare le criticit\u00e0 dovute agli enormi ritardi maturati ma addirittura sortiscono esattamente il risultato opposto lasciando cittadini fragili e anziani in attesa di visita per mesi, senza le certificazioni indispensabili per l'accesso agli strumenti di supporto previsti. Ugualmente grave \u00e8 la situazione dei minori in et\u00e0 scolare che necessitano delle attestazioni per l'accesso agli strumenti didattici di sostegno per favorire l'inclusione e l'apprendimento scolastico.<\/p>\n\n\n\n<p>Per questi motivi il Gruppo PD in Consiglio regionale ha presentato una interrogazione, primo firmatario Giuseppe Meloni, sollecitando la giunta a chiarire in merito agli indirizzi applicativi e riferire sull'adozione da parte delle Aziende Sanitarie Locali del previsto regolamento che ad oggi non risulterebbe invece adottato da nessuna delle Aassll sarde. Com<\/p>\n","protected":false},"excerpt":{"rendered":"<p>Cagliari, 11 Ott 2023 \u2013 \u00c8 noto che le Commissioni mediche per la valutazione delle richieste di invalidit\u00e0, che fino al mese di agosto scorso&#8230;<\/p>\n","protected":false},"author":2,"featured_media":7831,"comment_status":"closed","ping_status":"open","sticky":false,"template":"","format":"standard","meta":[],"categories":[49,52],"tags":[],"_links":{"self":[{"href":"https:\/\/www.cronacaonline.it\/index.php\/wp-json\/wp\/v2\/posts\/241208"}],"collection":[{"href":"https:\/\/www.cronacaonline.it\/index.php\/wp-json\/wp\/v2\/posts"}],"about":[{"href":"https:\/\/www.cronacaonline.it\/index.php\/wp-json\/wp\/v2\/types\/post"}],"author":[{"embeddable":true,"href":"https:\/\/www.cronacaonline.it\/index.php\/wp-json\/wp\/v2\/users\/2"}],"replies":[{"embeddable":true,"href":"https:\/\/www.cronacaonline.it\/index.php\/wp-json\/wp\/v2\/comments?post=241208"}],"version-history":[{"count":1,"href":"https:\/\/www.cronacaonline.it\/index.php\/wp-json\/wp\/v2\/posts\/241208\/revisions"}],"predecessor-version":[{"id":241209,"href":"https:\/\/www.cronacaonline.it\/index.php\/wp-json\/wp\/v2\/posts\/241208\/revisions\/241209"}],"wp:featuredmedia":[{"embeddable":true,"href":"https:\/\/www.cronacaonline.it\/index.php\/wp-json\/wp\/v2\/media\/7831"}],"wp:attachment":[{"href":"https:\/\/www.cronacaonline.it\/index.php\/wp-json\/wp\/v2\/media?parent=241208"}],"wp:term":[{"taxonomy":"category","embeddable":true,"href":"https:\/\/www.cronacaonline.it\/index.php\/wp-json\/wp\/v2\/categories?post=241208"},{"taxonomy":"post_tag","embeddable":true,"href":"https:\/\/www.cronacaonline.it\/index.php\/wp-json\/wp\/v2\/tags?post=241208"}],"curies":[{"name":"wp","href":"https:\/\/api.w.org\/{rel}","templated":true}]}}