{"id":241004,"date":"2023-10-06T14:59:09","date_gmt":"2023-10-06T12:59:09","guid":{"rendered":"https:\/\/www.cronacaonline.it\/?p=241004"},"modified":"2023-10-06T14:59:12","modified_gmt":"2023-10-06T12:59:12","slug":"agricoltura-assessore-satta-riunione-comitato-provinciale-per-lordine-e-la-sicurezza-di-oristano-per-le-problematiche-legate-alla-pesca","status":"publish","type":"post","link":"https:\/\/www.cronacaonline.it\/index.php\/2023\/10\/06\/agricoltura-assessore-satta-riunione-comitato-provinciale-per-lordine-e-la-sicurezza-di-oristano-per-le-problematiche-legate-alla-pesca\/","title":{"rendered":"Agricoltura: assessore Satta, riunione comitato provinciale per l\u2019ordine e la sicurezza di Oristano per le problematiche legate alla pesca."},"content":{"rendered":"\n<p>Cagliari, 6 Ott 2023 \u2013\u00a0Per valutare le diverse problematiche relative alla pesca nella Provincia di Oristano si \u00e8 svolta una riunione con il Prefetto di Oristano, Salvatore Angieri.<\/p>\n\n\n\n<p>\u201cSono svariate le segnalazioni che riguardano reiterati furti di prodotti ittici sia in acque interne che in mare aperto - ha sottolineato l\u2019assessore dell\u2019Agricoltura, Valeria Satta. Per questo ringrazio per l'attenzione sul delicato tema.<\/p>\n\n\n\n<p>Inoltre grava una situazione importante che \u00e8 quella della pesca abusiva che sta rilevando criticit\u00e0 di ordine pubblico e sociale, segnalata pi\u00f9 volte dagli stessi operatori del settore. \u201c<\/p>\n\n\n\n<p>Il Comitato Provinciale per la Sicurezza Pubblica ha ritenuto opportuno sentire i pareri dell\u2019Assessore Regionale dell\u2019Agricoltura, del Comandante della Capitaneria di Porto, del Generale del Corpo Forestale e del Sindaco di Cabras. Ancora una volta l\u2019impegno per la tutela delle acque e della sicurezza pubblica \u00e8 molto vivo. Il compito fondamentale dell'autorit\u00e0 di pubblica sicurezza infatti \u00e8 quello di garantire le condizioni di pace sociale, impedendo il concretizzarsi di fattori che potenzialmente la minacciano. Com<\/p>\n","protected":false},"excerpt":{"rendered":"<p>Cagliari, 6 Ott 2023 \u2013\u00a0Per valutare le diverse problematiche relative alla pesca nella Provincia di Oristano si \u00e8 svolta una riunione con il Prefetto di&#8230;<\/p>\n","protected":false},"author":2,"featured_media":241006,"comment_status":"closed","ping_status":"open","sticky":false,"template":"","format":"standard","meta":[],"categories":[49,52],"tags":[],"_links":{"self":[{"href":"https:\/\/www.cronacaonline.it\/index.php\/wp-json\/wp\/v2\/posts\/241004"}],"collection":[{"href":"https:\/\/www.cronacaonline.it\/index.php\/wp-json\/wp\/v2\/posts"}],"about":[{"href":"https:\/\/www.cronacaonline.it\/index.php\/wp-json\/wp\/v2\/types\/post"}],"author":[{"embeddable":true,"href":"https:\/\/www.cronacaonline.it\/index.php\/wp-json\/wp\/v2\/users\/2"}],"replies":[{"embeddable":true,"href":"https:\/\/www.cronacaonline.it\/index.php\/wp-json\/wp\/v2\/comments?post=241004"}],"version-history":[{"count":1,"href":"https:\/\/www.cronacaonline.it\/index.php\/wp-json\/wp\/v2\/posts\/241004\/revisions"}],"predecessor-version":[{"id":241007,"href":"https:\/\/www.cronacaonline.it\/index.php\/wp-json\/wp\/v2\/posts\/241004\/revisions\/241007"}],"wp:featuredmedia":[{"embeddable":true,"href":"https:\/\/www.cronacaonline.it\/index.php\/wp-json\/wp\/v2\/media\/241006"}],"wp:attachment":[{"href":"https:\/\/www.cronacaonline.it\/index.php\/wp-json\/wp\/v2\/media?parent=241004"}],"wp:term":[{"taxonomy":"category","embeddable":true,"href":"https:\/\/www.cronacaonline.it\/index.php\/wp-json\/wp\/v2\/categories?post=241004"},{"taxonomy":"post_tag","embeddable":true,"href":"https:\/\/www.cronacaonline.it\/index.php\/wp-json\/wp\/v2\/tags?post=241004"}],"curies":[{"name":"wp","href":"https:\/\/api.w.org\/{rel}","templated":true}]}}