{"id":240993,"date":"2023-10-06T12:34:31","date_gmt":"2023-10-06T10:34:31","guid":{"rendered":"https:\/\/www.cronacaonline.it\/?p=240993"},"modified":"2023-10-06T12:34:34","modified_gmt":"2023-10-06T10:34:34","slug":"trenino-verde-lassessore-moro-fondazione-al-via-il-primo-gennaio-con-i-sindaci-protagonisti","status":"publish","type":"post","link":"https:\/\/www.cronacaonline.it\/index.php\/2023\/10\/06\/trenino-verde-lassessore-moro-fondazione-al-via-il-primo-gennaio-con-i-sindaci-protagonisti\/","title":{"rendered":"Trenino verde, l\u2019assessore Moro: fondazione al via il primo gennaio con i sindaci protagonisti."},"content":{"rendered":"\n<p>Cagliari, 6 Ott 2023 \u2013\u00a0\u201cLa Fondazione del Trenino verde partir\u00e0 il primo gennaio, con i sindaci protagonisti, dando seguito a quanto approvato in Consiglio regionale nel collegato alla Finanziaria. Stiamo attivando proprio in queste ore tutte le procedure per adottare lo Statuto e compiere gli atti amministrativi che consentiranno finalmente al Trenino Verde di avere una gestione partecipata dai territori e con l\u2019operativit\u00e0 dell'Arst dedicata al servizio di trasporto\u201d. Lo ha annunciato l\u2019assessore regionale dei Trasporti, Antonio Moro, nel corso di un incontro con i sindaci della rete del Trenino verde che si \u00e8 tenuto stamattina a Cagliari.<\/p>\n\n\n\n<p>\u201cNon ci sono mai stati cos\u00ec tanti interventi sull'infrastruttura come quelli realizzati quest\u2019anno\u201d, ha aggiunto l\u2019assessore Moro. \u201cRicordo i 62 milioni di lavori in appalto e 13 gi\u00e0 affidati e quasi conclusi di manutenzioni ordinarie. \u00c8 una rete complessa, la pi\u00f9 grande rete storica d\u2019Europa e rappresenta uno straordinario patrimonio da valorizzare. Per quanto riguarda il materiale rotabile, l\u2019ingresso dei nuovi treni Stadler sul trasporto pubblico locale gestito dall\u2019Arst ci consentir\u00e0 di mandare per il rinnovamento le carrozze fino a oggi utilizzate nei collegamenti del trasporto pubblico e di avere cos\u00ec a disposizione mezzi e strumenti per far crescere e sviluppare quel potenziale in chiave turistica che il Trenino verde rappresenta\u201d.<\/p>\n\n\n\n<p>La Fondazione \u201cTrenino verde storico della Sardegna\u201d nasce per \u201ctutelare, recuperare, valorizzare e promuovere \u2013 a scopo turistico, culturale e di promozione delle zone interne \u2013 la rete infrastrutturale ferroviaria turistica e i relativi rotabili storici, attraverso la realizzazione di un sistema di gestione efficiente e partecipato, condiviso dagli Enti locali\u201d. Le linee del Trenino verde sono quattro, per un totale di 437 chilometri: Mandas-Arbatax (158 km), Isili-Sorgono (82 km), Macomer-Bosa (48 km) e Sassari-Tempio-Palau (149 km).&nbsp;Com<\/p>\n","protected":false},"excerpt":{"rendered":"<p>Cagliari, 6 Ott 2023 \u2013\u00a0\u201cLa Fondazione del Trenino verde partir\u00e0 il primo gennaio, con i sindaci protagonisti, dando seguito a quanto approvato in Consiglio regionale&#8230;<\/p>\n","protected":false},"author":2,"featured_media":240994,"comment_status":"closed","ping_status":"open","sticky":false,"template":"","format":"standard","meta":[],"categories":[49,52],"tags":[],"_links":{"self":[{"href":"https:\/\/www.cronacaonline.it\/index.php\/wp-json\/wp\/v2\/posts\/240993"}],"collection":[{"href":"https:\/\/www.cronacaonline.it\/index.php\/wp-json\/wp\/v2\/posts"}],"about":[{"href":"https:\/\/www.cronacaonline.it\/index.php\/wp-json\/wp\/v2\/types\/post"}],"author":[{"embeddable":true,"href":"https:\/\/www.cronacaonline.it\/index.php\/wp-json\/wp\/v2\/users\/2"}],"replies":[{"embeddable":true,"href":"https:\/\/www.cronacaonline.it\/index.php\/wp-json\/wp\/v2\/comments?post=240993"}],"version-history":[{"count":1,"href":"https:\/\/www.cronacaonline.it\/index.php\/wp-json\/wp\/v2\/posts\/240993\/revisions"}],"predecessor-version":[{"id":240995,"href":"https:\/\/www.cronacaonline.it\/index.php\/wp-json\/wp\/v2\/posts\/240993\/revisions\/240995"}],"wp:featuredmedia":[{"embeddable":true,"href":"https:\/\/www.cronacaonline.it\/index.php\/wp-json\/wp\/v2\/media\/240994"}],"wp:attachment":[{"href":"https:\/\/www.cronacaonline.it\/index.php\/wp-json\/wp\/v2\/media?parent=240993"}],"wp:term":[{"taxonomy":"category","embeddable":true,"href":"https:\/\/www.cronacaonline.it\/index.php\/wp-json\/wp\/v2\/categories?post=240993"},{"taxonomy":"post_tag","embeddable":true,"href":"https:\/\/www.cronacaonline.it\/index.php\/wp-json\/wp\/v2\/tags?post=240993"}],"curies":[{"name":"wp","href":"https:\/\/api.w.org\/{rel}","templated":true}]}}