{"id":240959,"date":"2023-10-06T08:19:40","date_gmt":"2023-10-06T06:19:40","guid":{"rendered":"https:\/\/www.cronacaonline.it\/?p=240959"},"modified":"2023-10-06T08:19:43","modified_gmt":"2023-10-06T06:19:43","slug":"emergenza-sanitaria-nelle-carceri-sarde-dichiarazione-della-consigliera-regionale-carla-cuccu-criticita-che-richiedono-risposte-immediate","status":"publish","type":"post","link":"https:\/\/www.cronacaonline.it\/index.php\/2023\/10\/06\/emergenza-sanitaria-nelle-carceri-sarde-dichiarazione-della-consigliera-regionale-carla-cuccu-criticita-che-richiedono-risposte-immediate\/","title":{"rendered":"Emergenza sanitaria nelle carceri sarde, dichiarazione della consigliera regionale Carla Cuccu: \u2018criticit\u00e0 che richiedono risposte immediate\u2019."},"content":{"rendered":"\n<p>Cagliari, 5 Ott 2023 \u2013 \u201cHo riscontrato, nel corso della mia esperienza da Consigliere Regionale, un'importante emergenza relativa al rapporto tra detenzione carceraria e diritti dei detenuti all'interno delle carceri della Sardegna\u201d.<\/p>\n\n\n\n<p>\u201cLa sanit\u00e0 all'interno delle carceri sarde \u00e8 trascurata e versa in una grave crisi.<br>Totale assenza di personale nelle ore notturne, carenza di assistenza medica infermieristica e operatori socio sanitari (O.S.S.), insufficiente presenza degli specialisti di psichiatria. Molte strutture carcerarie sarde sono sovraffollate e in condizioni fatiscenti, con scarse condizioni igieniche che minano la dignit\u00e0 dei detenuti. Questi sono solo alcuni dei maggiori problemi riscontrati\u201d. Evidenzia Carla Cuccu, la consigliera regionale segretaria della Commissione Sanit\u00e0.<br>L'assenza di progetti di reinserimento nel mondo del lavoro e una rete di sostegno socio-assistenziale valida sono problemi che influiscono negativamente sulla vita presente e futura dei detenuti.<\/p>\n\n\n\n<p>\u201cHo sollevato il problema della mancanza di reparti detentivi ospedalieri operativi presso gli ospedali di Nuoro, Sassari e Cagliari, oltre alla presenza di una sola Sezione ad Assistenza Intensiva (S.A.I.) operativa a Cagliari. Quali sono le condizioni attuali del Reparto Detentivo Ospedaliero di Cagliari? In data 1 Aprile 2020, avevo depositato l'interrogazione n. 377\/A proprio interrogando il presidente della Regione Sardegna Solinas a riguardo, e purtroppo non \u00e8 giunto alcun riscontro a tutt'oggi\u201d.<\/p>\n\n\n\n<p>\u201c\u00c8 necessario stanziare immediatamente fondi per incentivare l'assunzione di medici e operatori socio-sanitari da inserire tempestivamente nelle carceri sarde, al fine di migliorare la situazione sanitaria all'interno delle strutture penitenziarie\u201d.<br>\u201cVorrei sapere se il Governo Regionale \u00e8 a conoscenza di tutte le criticit\u00e0 precedentemente evidenziate, dato che non sono poche e persistono da molto tempo.<br>Il mio obiettivo \u00e8 quello di migliorare le condizioni di vita dei detenuti e degli operatori del settore penitenziario in Sardegna. Il loro ruolo \u00e8 fondamentale. Un paese moderno deve pensare al reinserimento nella societ\u00e0 dei detenuti, alla loro formazione per il mondo del lavoro, e soprattutto alla loro salute, e deve tutelare tutti gli operatori che operano in questo settore\u201d. Red<\/p>\n","protected":false},"excerpt":{"rendered":"<p>Cagliari, 5 Ott 2023 \u2013 \u201cHo riscontrato, nel corso della mia esperienza da Consigliere Regionale, un&#8217;importante emergenza relativa al rapporto tra detenzione carceraria e diritti&#8230;<\/p>\n","protected":false},"author":2,"featured_media":221741,"comment_status":"closed","ping_status":"open","sticky":false,"template":"","format":"standard","meta":[],"categories":[49,52],"tags":[],"_links":{"self":[{"href":"https:\/\/www.cronacaonline.it\/index.php\/wp-json\/wp\/v2\/posts\/240959"}],"collection":[{"href":"https:\/\/www.cronacaonline.it\/index.php\/wp-json\/wp\/v2\/posts"}],"about":[{"href":"https:\/\/www.cronacaonline.it\/index.php\/wp-json\/wp\/v2\/types\/post"}],"author":[{"embeddable":true,"href":"https:\/\/www.cronacaonline.it\/index.php\/wp-json\/wp\/v2\/users\/2"}],"replies":[{"embeddable":true,"href":"https:\/\/www.cronacaonline.it\/index.php\/wp-json\/wp\/v2\/comments?post=240959"}],"version-history":[{"count":1,"href":"https:\/\/www.cronacaonline.it\/index.php\/wp-json\/wp\/v2\/posts\/240959\/revisions"}],"predecessor-version":[{"id":240960,"href":"https:\/\/www.cronacaonline.it\/index.php\/wp-json\/wp\/v2\/posts\/240959\/revisions\/240960"}],"wp:featuredmedia":[{"embeddable":true,"href":"https:\/\/www.cronacaonline.it\/index.php\/wp-json\/wp\/v2\/media\/221741"}],"wp:attachment":[{"href":"https:\/\/www.cronacaonline.it\/index.php\/wp-json\/wp\/v2\/media?parent=240959"}],"wp:term":[{"taxonomy":"category","embeddable":true,"href":"https:\/\/www.cronacaonline.it\/index.php\/wp-json\/wp\/v2\/categories?post=240959"},{"taxonomy":"post_tag","embeddable":true,"href":"https:\/\/www.cronacaonline.it\/index.php\/wp-json\/wp\/v2\/tags?post=240959"}],"curies":[{"name":"wp","href":"https:\/\/api.w.org\/{rel}","templated":true}]}}