{"id":240903,"date":"2023-10-04T16:15:55","date_gmt":"2023-10-04T14:15:55","guid":{"rendered":"https:\/\/www.cronacaonline.it\/?p=240903"},"modified":"2023-10-04T16:15:58","modified_gmt":"2023-10-04T14:15:58","slug":"ponte-di-oloe-la-nuova-struttura-al-varo-lassessore-saiu-superata-la-fase-piu-critica-dellintervento-i-lavori-vanno-avanti-nel-rispetto-dei-tempi-previsti-opera-indispensabile","status":"publish","type":"post","link":"https:\/\/www.cronacaonline.it\/index.php\/2023\/10\/04\/ponte-di-oloe-la-nuova-struttura-al-varo-lassessore-saiu-superata-la-fase-piu-critica-dellintervento-i-lavori-vanno-avanti-nel-rispetto-dei-tempi-previsti-opera-indispensabile\/","title":{"rendered":"Ponte di Olo\u00e8, la nuova struttura al varo. L\u2019assessore Saiu: \u201csuperata la fase pi\u00f9 critica dell&#8217;intervento, i lavori vanno avanti nel rispetto dei tempi previsti. Opera indispensabile per il territorio\u201d."},"content":{"rendered":"\n<p>Oliena (Nu), 4 Ott 2023 \u2013 Ponte di Olo\u00e8, concluse con successo le operazioni di varo. Questa mattina la struttura che costituisce il nuovo impalcato, composto da due travi della lunghezza di quarantadue metri ciascuna, \u00e8 stata sollevata dall\u2019alveo del fiume da una gru da 400 tonnellate e posata sulle \u2018spalle\u2019 del ponte, lungo l\u2019attraversamento sul Cedrino.<\/p>\n\n\n\n<p>\u201cI lavori sono in linea con il cronoprogramma \u2013 spiega l\u2019assessore regionale dei Lavori pubblici, Pierluigi Saiu, cha ha assistito alle fasi del cos\u00ec detto \u2018varo\u2019 del ponte\u2013 e proseguiranno con la realizzazione della pavimentazione, a cui seguiranno le operazioni di bitumazione, il posizionamento delle barriere e della segnaletica e quindi il collaudo\u201d.<\/p>\n\n\n\n<p>Se si proseguir\u00e0 di questo passo la riapertura \u00e8 prevista tra la fine di novembre e la met\u00e0 di dicembre. \u201cLo scorso gennaio, in un incontro in Provincia, abbiamo presentato il progetto esecutivo insieme a Ois, Opere e infrastrutture della Sardegna, soggetto attuatore dell'intervento, dove sono state contemplate tutte le soluzioni pi\u00f9 idonee a ridurre i disagi, compresa la viabilit\u00e0 alternativa che \u00e8 stata sempre garantita. Da l\u00ec a breve l'avvio del cantiere. A maggio, in seguito all'esondazione del Cedrino, dopo le piogge eccezionali, il grande lavoro delle squadre ha consentito tempestivamente di mettere in sicurezza l'area del cantiere.&nbsp; Oggi con il posizionamento della nuova infrastruttura \u2013 prosegue l\u2019assessore &nbsp;\u2013 siamo ormai vicini a un traguardo atteso da tempo dal territorio di Oliena e non solo. Quello di oggi \u00e8 un risultato importante: l\u2019intervento per il miglioramento della funzionalit\u00e0 statica e idraulica del ponte lungo la SP 46 \u00e8 finanziato interamente dalla Regione con un investimento complessivo di oltre 5 milioni di euro e i lavori realizzati consentiranno un migliore deflusso delle acque del fiume, grazie al raddoppio del passaggio precedentemente ostacolato dal vecchio rilevato stradale. Il coinvolgimento di Ois si \u00e8 rivelato la scelta giusta che ha dato un forte impulso all'intervento su un'opera strategica per il territorio\u201d.<\/p>\n\n\n\n<p>\u201cIl crollo del ponte di Olo\u00e9 nel 2013 in seguito al ciclone Cleopatra \u00e8 stato un evento tragico che ha colpito tutta l\u2019Isola e che nel tempo ha avuto importanti ripercussioni sul territorio e sulle comunit\u00e0 del nuorese. Se oggi siamo a questo punto \u00e8 solo grazie al lavoro e all\u2019impegno di chi ci ha creduto fino in fondo, tra tutti Roberto Frongia, ex assessore dei Lavori pubblici della Giunta sarda, scomparso nel 2020, e alla sinergia tra la Regione, Opere e infrastrutture della Sardegna, la Provincia di Nuoro e i Comuni di Dorgali e Oliena\u201d, conclude l\u2019assessore Saiu. Com<\/p>\n","protected":false},"excerpt":{"rendered":"<p>Oliena (Nu), 4 Ott 2023 \u2013 Ponte di Olo\u00e8, concluse con successo le operazioni di varo. Questa mattina la struttura che costituisce il nuovo impalcato,&#8230;<\/p>\n","protected":false},"author":2,"featured_media":236177,"comment_status":"closed","ping_status":"open","sticky":false,"template":"","format":"standard","meta":[],"categories":[49,52],"tags":[],"_links":{"self":[{"href":"https:\/\/www.cronacaonline.it\/index.php\/wp-json\/wp\/v2\/posts\/240903"}],"collection":[{"href":"https:\/\/www.cronacaonline.it\/index.php\/wp-json\/wp\/v2\/posts"}],"about":[{"href":"https:\/\/www.cronacaonline.it\/index.php\/wp-json\/wp\/v2\/types\/post"}],"author":[{"embeddable":true,"href":"https:\/\/www.cronacaonline.it\/index.php\/wp-json\/wp\/v2\/users\/2"}],"replies":[{"embeddable":true,"href":"https:\/\/www.cronacaonline.it\/index.php\/wp-json\/wp\/v2\/comments?post=240903"}],"version-history":[{"count":1,"href":"https:\/\/www.cronacaonline.it\/index.php\/wp-json\/wp\/v2\/posts\/240903\/revisions"}],"predecessor-version":[{"id":240904,"href":"https:\/\/www.cronacaonline.it\/index.php\/wp-json\/wp\/v2\/posts\/240903\/revisions\/240904"}],"wp:featuredmedia":[{"embeddable":true,"href":"https:\/\/www.cronacaonline.it\/index.php\/wp-json\/wp\/v2\/media\/236177"}],"wp:attachment":[{"href":"https:\/\/www.cronacaonline.it\/index.php\/wp-json\/wp\/v2\/media?parent=240903"}],"wp:term":[{"taxonomy":"category","embeddable":true,"href":"https:\/\/www.cronacaonline.it\/index.php\/wp-json\/wp\/v2\/categories?post=240903"},{"taxonomy":"post_tag","embeddable":true,"href":"https:\/\/www.cronacaonline.it\/index.php\/wp-json\/wp\/v2\/tags?post=240903"}],"curies":[{"name":"wp","href":"https:\/\/api.w.org\/{rel}","templated":true}]}}