{"id":240901,"date":"2023-10-04T16:12:51","date_gmt":"2023-10-04T14:12:51","guid":{"rendered":"https:\/\/www.cronacaonline.it\/?p=240901"},"modified":"2023-10-04T16:12:53","modified_gmt":"2023-10-04T14:12:53","slug":"fsc-e-zes-lassessore-fasolino-bene-controllare-la-spesa-ma-e-necessario-assicurare-adeguate-modalita-di-gestione-che-non-impattino-sulla-programmazione","status":"publish","type":"post","link":"https:\/\/www.cronacaonline.it\/index.php\/2023\/10\/04\/fsc-e-zes-lassessore-fasolino-bene-controllare-la-spesa-ma-e-necessario-assicurare-adeguate-modalita-di-gestione-che-non-impattino-sulla-programmazione\/","title":{"rendered":"Fsc e Zes, l\u2019assessore Fasolino: \u201cbene controllare la spesa ma \u00e8 necessario assicurare adeguate modalit\u00e0 di gestione che non impattino sulla programmazione\u201d."},"content":{"rendered":"\n<p>Cagliari, 4 Ott 2023 \u2013\u00a0\u201cSono certo che il Governo dar\u00e0 la giusta importanza alle proposte trasmesse dalla Regione Sardegna in merito al nuovo sistema di controllo sulla spesa dei fondi Fsc e alla nuova visione sulla Zes previsti nel decreto legge 124. Si tratta di misure che senza adeguati correttivi risultano troppo rischiose per le regioni e in particolare per la nostra\u201d. Lo ha detto l\u2019Assessore del Bilancio Giuseppe Fasolino a margine dell\u2019audizione in materia di politiche di coesione e per il rilancio dell\u2019economia nelle aree del Mezzogiorno, che lo ha visto protagonista stamani a Roma alla Commissione Bilancio della Camera dei Deputati.\u00a0<\/p>\n\n\n\n<p>\u201cIl Governo con il decreto ha previsto la modifica del controllo della spesa sugli Fsc, che non avverr\u00e0 pi\u00f9 con l'assunzione delle obbligazioni giuridicamente vincolanti (OGV), ma con il cronoprogramma, con la conseguenza che basterebbe una modifica di quest\u2019ultimo per vedere definanziati i progetti. Abbiamo quindi chiesto alla Commissione di tornare al controllo della spesa con l\u2019Ogv, che sarebbe sicuramente meno rischioso per le Regioni\u201d.&nbsp;<\/p>\n\n\n\n<p>Rispetto alle Zes, ha spiegato l\u2019Assessore Fasolino \u201csiamo pi\u00f9 favorevoli all\u2019attuale sistema e non crediamo sia utile mettere in discussione l\u2019autonomia della Regione. Rispetto a una gestione unica ritengo pi\u00f9 corretto mantenere una sorta di \u2018territorialit\u00e0\u2019 perch\u00e9 \u00e8 solo attraverso un presidio di quel tipo che si pu\u00f2 dare efficacia allo sviluppo dei territori e creare le giuste condizioni per gli investimenti\u201d.<\/p>\n\n\n\n<p>Sul fronte dei progetti legati al PNRR, l\u2019Assessore Fasolino ha detto: \u201cAbbiamo avviato una ricognizione per capire come si possono sostituite, a livello di fonti finanziarie, i progetti definanziati dal Pnrr in maniera tale da non lasciare gli Enti locali sprovvisti di copertura\u201d. Com<\/p>\n","protected":false},"excerpt":{"rendered":"<p>Cagliari, 4 Ott 2023 \u2013\u00a0\u201cSono certo che il Governo dar\u00e0 la giusta importanza alle proposte trasmesse dalla Regione Sardegna in merito al nuovo sistema di&#8230;<\/p>\n","protected":false},"author":2,"featured_media":238645,"comment_status":"closed","ping_status":"open","sticky":false,"template":"","format":"standard","meta":[],"categories":[49,52],"tags":[],"_links":{"self":[{"href":"https:\/\/www.cronacaonline.it\/index.php\/wp-json\/wp\/v2\/posts\/240901"}],"collection":[{"href":"https:\/\/www.cronacaonline.it\/index.php\/wp-json\/wp\/v2\/posts"}],"about":[{"href":"https:\/\/www.cronacaonline.it\/index.php\/wp-json\/wp\/v2\/types\/post"}],"author":[{"embeddable":true,"href":"https:\/\/www.cronacaonline.it\/index.php\/wp-json\/wp\/v2\/users\/2"}],"replies":[{"embeddable":true,"href":"https:\/\/www.cronacaonline.it\/index.php\/wp-json\/wp\/v2\/comments?post=240901"}],"version-history":[{"count":1,"href":"https:\/\/www.cronacaonline.it\/index.php\/wp-json\/wp\/v2\/posts\/240901\/revisions"}],"predecessor-version":[{"id":240902,"href":"https:\/\/www.cronacaonline.it\/index.php\/wp-json\/wp\/v2\/posts\/240901\/revisions\/240902"}],"wp:featuredmedia":[{"embeddable":true,"href":"https:\/\/www.cronacaonline.it\/index.php\/wp-json\/wp\/v2\/media\/238645"}],"wp:attachment":[{"href":"https:\/\/www.cronacaonline.it\/index.php\/wp-json\/wp\/v2\/media?parent=240901"}],"wp:term":[{"taxonomy":"category","embeddable":true,"href":"https:\/\/www.cronacaonline.it\/index.php\/wp-json\/wp\/v2\/categories?post=240901"},{"taxonomy":"post_tag","embeddable":true,"href":"https:\/\/www.cronacaonline.it\/index.php\/wp-json\/wp\/v2\/tags?post=240901"}],"curies":[{"name":"wp","href":"https:\/\/api.w.org\/{rel}","templated":true}]}}