{"id":240899,"date":"2023-10-04T15:06:43","date_gmt":"2023-10-04T13:06:43","guid":{"rendered":"https:\/\/www.cronacaonline.it\/?p=240899"},"modified":"2023-10-04T15:06:46","modified_gmt":"2023-10-04T13:06:46","slug":"lingua-sarda-assessore-biancareddu-prima-conferenza-aperta-della-lingua-sarda-cunferentzia-aberta-de-sa-limba-sarda","status":"publish","type":"post","link":"https:\/\/www.cronacaonline.it\/index.php\/2023\/10\/04\/lingua-sarda-assessore-biancareddu-prima-conferenza-aperta-della-lingua-sarda-cunferentzia-aberta-de-sa-limba-sarda\/","title":{"rendered":"Lingua sarda &#8211; Assessore Biancareddu: prima conferenza aperta della lingua sarda, \u201cCunferentzia aberta de sa limba sarda."},"content":{"rendered":"\n<p>Cagliari, 4 Ott 2023 \u2013\u00a0Celebrata a Cagliari la Prima Conferenza della Lingua Sarda e delle lingue minoritarie: Sardu, Catal\u00e0 de L\u2019Aguer, Gadduresu, Sassaresu, Tabarchin.<\/p>\n\n\n\n<p>La&nbsp;Cunfer\u00e8ntzia Aberta de sa limba sarda&nbsp;\u00e8 organizzata in applicazione dell\u2019art. 6 della LR 22\/2018, che prevede che la Regione organizzi una conferenza aperta (Cunferentzia aberta) sulla lingua sarda, il catalano di Alghero e il sassarese, gallurese e tabarchino, quale strumento di impulso, iniziativa e partecipazione alla definizione delle linee di indirizzo e alla valutazione dei risultati conseguiti. La Conferenza nasce come esigenza di confronto tra i vari attori della politica linguistica regionale.<\/p>\n\n\n\n<p>\u201cSi passa da una fase teorica legislativa finalmente a una fase attuativa, hs detto aprendo i lavori, l\u2019assessore regionale della Pubblica Istruzione, Andrea Biancareddu. Un grande sforzo dell'assessorato e di tutto lo staff, ma soprattutto la grande volont\u00e0 politica di trasformare quello che era una era un sogno in una realt\u00e0. Portare la lingua sarda nelle scuole, portarla negli sportelli linguistici, portarla sui media, quindi sui giornali, sulle tv e sulle radio. Far conoscere la nostra identit\u00e0, l'identit\u00e0 di un popolo e anche la lingua. Ethnos, che vuol dire popolo in senso lato, non \u00e8 solo l'essere biondo o nero ma appartenere a una razza, alla nostra cultura, le nostre origini e le nostre usanze, le nostre poesie e le nostre canzoni, la nostra enogastronomia. Quindi la lingua \u00e8 lo straordinario mezzo di locomozione e di comunicazione, di contatto tra i popoli e tutelare le minoranze, valorizzarle, metterle in condizione di interagire tra loro, ha proseguito Biancareddu. La Regione Sardegna lo ha fatto investendo risorse lavoro. Lo ha fatto con la caparbiet\u00e0 mia, che ci ho creduto e di tutti i miei collaboratori. Quindi questo \u00e8 un grande risultato. Spiegare il sardo pu\u00f2 essere addirittura terapeutico, migliorativo per i livelli di apprendimento dei ragazzi nelle scuole. Abbiamo formato gli insegnanti. Ora non vanno pi\u00f9 dopolavoristi o i nonni per parlare il dialetto. Ora vanno insegnanti che hanno fatto il corso con la certificazione C1 che ci porta a un livello quasi di madrelingua. Quindi c'\u00e8 stato un salto di qualit\u00e0 notevole. La mia ulteriore proposta sar\u00e0 quello di insegnare la storia sarda. Nelle aule sino ad ora pochissimi hanno mai parlato della civilt\u00e0 dei nuraghi o della storia sarda. Sarebbe un metodo per disegnare la storia, magari parlando il sardo, che pu\u00f2 essere gallurese, tabarchino e sassarese, il catalano \u00e8 stimolare cos\u00ec i nostri figli e avere una cultura del loro passato che \u00e8 la nostra identit\u00e0, ha concluso Biancareddu\u201d.<\/p>\n\n\n\n<p>Durante i lavori ci si \u00e8 soffermati soprattutto su tre aspetti.&nbsp;&nbsp;L\u2019operativit\u00e0 degli Sportelli linguistici territoriali, con particolare attenzione alle ricadute in termini di servizi alla popolazione. Gli Sportelli linguistici sono presidi territoriali a presenza capillare, con funzioni di promozione del sardo nella Pubblica amministrazione. La Certificazione linguistica provvisoria C1 che ha lo scopo di avere parlanti di lingue minoritarie in possesso di idonea certificazione linguistica. I progetti Imprentas, con i quali la Regione sostiene e incentiva l\u2019utilizzo della lingua sarda, del catalano di Alghero, del gallurese, del sassarese e del tabarchino per la pubblicazione di articoli in quotidiani, periodici e testate giornalistiche on-line, la produzione di opere editoriali in formato cartaceo o multimediale e la produzione di programmi televisivi o radiofonici trasmessi con ogni mezzo di diffusione.<\/p>\n\n\n\n<p>Tra i relatori, quello di Davith Hicks, Segretario Generale Ong Elen&nbsp;(European Language Equality Network). Lo scopo di ELEN \u00e8 quello di rappresentare i 50 milioni di persone, il 10% della popolazione UE, che parlano una lingua regionale, minoritaria o a rischio di estinzione. Elen, e comprende 174 enti ed associazioni che rappresentano 50 lingue in 25 stati europei. All\u2019Assemblea Elen 2023 parteciper\u00e0 altres\u00ec Fernand de Varennes, relatore speciale delle Nazioni Unite sulle questioni inerenti alle minoranze.<\/p>\n\n\n\n<p>Verranno proiettate le produzioni Imprentas e dei film in lingua minoritaria partecipanti al Babel Film Festival. In serata&nbsp;spazio all\u2019improvvisazione ed allo spettacolo. All\u2019interno della Passeggiata Coperta ci sar\u00e0 lo spettacolo \u201cUnu work-sciopinu gr\u00e0tzias!\u201d con Elio Turno Arthemalle ed Emanuele Contis, mentre all\u2019esterno sulla Terrazza del Bastione intorno alle 20 \u00e8 previsto l\u2019evento di musica e balli tradizionali \u201cTra Sardo e profano\u201d, organizzato dall\u2019Associazione Symponia con Folk&amp;Roll e Ballade Ballade Bois. Com<\/p>\n","protected":false},"excerpt":{"rendered":"<p>Cagliari, 4 Ott 2023 \u2013\u00a0Celebrata a Cagliari la Prima Conferenza della Lingua Sarda e delle lingue minoritarie: Sardu, Catal\u00e0 de L\u2019Aguer, Gadduresu, Sassaresu, Tabarchin. La&nbsp;Cunfer\u00e8ntzia&#8230;<\/p>\n","protected":false},"author":2,"featured_media":184604,"comment_status":"closed","ping_status":"open","sticky":false,"template":"","format":"standard","meta":[],"categories":[49,52],"tags":[],"_links":{"self":[{"href":"https:\/\/www.cronacaonline.it\/index.php\/wp-json\/wp\/v2\/posts\/240899"}],"collection":[{"href":"https:\/\/www.cronacaonline.it\/index.php\/wp-json\/wp\/v2\/posts"}],"about":[{"href":"https:\/\/www.cronacaonline.it\/index.php\/wp-json\/wp\/v2\/types\/post"}],"author":[{"embeddable":true,"href":"https:\/\/www.cronacaonline.it\/index.php\/wp-json\/wp\/v2\/users\/2"}],"replies":[{"embeddable":true,"href":"https:\/\/www.cronacaonline.it\/index.php\/wp-json\/wp\/v2\/comments?post=240899"}],"version-history":[{"count":1,"href":"https:\/\/www.cronacaonline.it\/index.php\/wp-json\/wp\/v2\/posts\/240899\/revisions"}],"predecessor-version":[{"id":240900,"href":"https:\/\/www.cronacaonline.it\/index.php\/wp-json\/wp\/v2\/posts\/240899\/revisions\/240900"}],"wp:featuredmedia":[{"embeddable":true,"href":"https:\/\/www.cronacaonline.it\/index.php\/wp-json\/wp\/v2\/media\/184604"}],"wp:attachment":[{"href":"https:\/\/www.cronacaonline.it\/index.php\/wp-json\/wp\/v2\/media?parent=240899"}],"wp:term":[{"taxonomy":"category","embeddable":true,"href":"https:\/\/www.cronacaonline.it\/index.php\/wp-json\/wp\/v2\/categories?post=240899"},{"taxonomy":"post_tag","embeddable":true,"href":"https:\/\/www.cronacaonline.it\/index.php\/wp-json\/wp\/v2\/tags?post=240899"}],"curies":[{"name":"wp","href":"https:\/\/api.w.org\/{rel}","templated":true}]}}