{"id":240855,"date":"2023-10-03T17:48:44","date_gmt":"2023-10-03T15:48:44","guid":{"rendered":"https:\/\/www.cronacaonline.it\/?p=240855"},"modified":"2023-10-03T17:48:47","modified_gmt":"2023-10-03T15:48:47","slug":"consiglio-sardegna-rinviato-a-martedi-10-ottobre-lesame-della-proposta-di-legge-n-42-sul-riordino-del-comparto-ippico-della-sardegna","status":"publish","type":"post","link":"https:\/\/www.cronacaonline.it\/index.php\/2023\/10\/03\/consiglio-sardegna-rinviato-a-martedi-10-ottobre-lesame-della-proposta-di-legge-n-42-sul-riordino-del-comparto-ippico-della-sardegna\/","title":{"rendered":"Consiglio Sardegna &#8211; Rinviato a marted\u00ec 10 ottobre l\u2019esame della proposta di legge n.42 sul riordino del comparto ippico della Sardegna."},"content":{"rendered":"\n<p>Cagliari 3 Ott 2023 -\u00a0\u00a0La seduta \u00e8 stata aperta dal presidente Michele Pais. Dopo le formalit\u00e0 di rito il Consiglio ha proseguito l\u2019esame dell\u2019ordine del giorno con gli articoli e gli emendamenti della legge n.42\/A \u2013 \u201cRiordino del comparto ippico ed equestre della Sardegna\u201d.<\/p>\n\n\n\n<p>Intervenendo sull\u2019ordine dei lavori la consigliera Sara Canu (Fdi) ha ricordato che il presidente ha rinviato l\u2019esame della legge sui \u201ccaregivers\u201d per l\u2019indisposizione della relatrice Rossella Pinna, ma altrettanto non \u00e8 successo nei suoi confronti perch\u00e9 nella seduta precedente \u00e8 stata discussa la legge sul riordino del settore ippico. Si tratta, ha lamentato, di una differenza inaccettabile di trattamento fra consiglieri.<\/p>\n\n\n\n<p>Il presidente ha replicato che sarebbe stato meglio una pi\u00f9 completa ricostruzione della vicenda perch\u00e9 \u00e8 stata la consigliera Annalisa Mele (alle presenza della consigliera Canu) a chiedere di essere esentata dalla relazione e considerato che la consigliera Canu aveva cambiato gruppo, e solo per questo motivo, si \u00e8 proceduto affidando la relazione al consigliere Cossa, che peraltro ha svolto una introduzione di carattere generale, mentre per quanto riguarda la legge sui \u201ccaregivers\u201d \u00e8 stata la consigliera Pinna a chiedere il rinvio.<\/p>\n\n\n\n<p>La consigliera Annalista Manca (Fdi) ha chiesto, con un richiamo al regolamento, il rispetto della parit\u00e0 fra partiti nell\u2019affidamento del suolo di segretario del Consiglio.<\/p>\n\n\n\n<p>Il presidente Pais ha riposto che, sul regolamento, la sua condotta \u00e8 quella di tenere sempre la \u201cbarra dritta\u201d.<\/p>\n\n\n\n<p>La consigliera Annalista Mele (Riformatori), ha dato atto al presidente di aver ricostruito correttamente la vicenda relativa alla legge sul riordino del settore ippico.<\/p>\n\n\n\n<p>Daniele Cocco (Arv) ha richiamato la necessit\u00e0 di incontrare quanto prima una delegazione dei lavoratori presenti nelle graduatorie Laore, che hanno richiesto un confronto con i capigruppo e le commissioni di riferimento. Inoltre ha annunciato che, senza numero legale, la minoranza non consentir\u00e0 la discussione della legge.<\/p>\n\n\n\n<p>Alessandro Solinas (M5S) ha ribadito che non c\u2019\u00e8 il numero legale ma, rispetto a ieri, l\u2019opposizione non \u00e8 disposta a garantire lo svolgimento dei lavori perch\u00e9 \u00e8 responsabilit\u00e0 della maggioranza.<\/p>\n\n\n\n<p>Il capogruppo della Lega Michele Ennas si \u00e8 detto d\u2019accordo con la verifica, aggiungendo che sarebbe opportuno un confronto interno alla maggioranza sugli emendamenti, sollecitando a questo scopo la sospensione dei lavori.<\/p>\n\n\n\n<p>Il consigliere dei Progressisti Massimo Zedda ha protestato contro le assenze sistematiche della maggioranza, anche nella seduta statutaria, che screditano alla fine l\u2019intero Consiglio.<\/p>\n\n\n\n<p>Desir\u00e8 Manca (M5S) ha accusato la maggioranza di far mancare spesso il numero legale, suggerendo inoltre l\u2019indicazione delle assenze dei consiglieri dalle sedute, anche attraverso la pubblicazione nel sito istituzionale, come pi\u00f9 volte richiesto dal suo gruppo.<\/p>\n\n\n\n<p>Il presidente Pais, nel condividere i rilievi critici su assenze \u201cper negligenza\u201d, ha affermato che quella del Consiglio non \u00e8 una attivit\u00e0 che pu\u00f2 essere derubricata fra le \u201cvarie ed eventuali\u201d. Inoltre, per quanto concerne la pubblicazione delle presenze\/assenze, \u00e8 dovuta esclusivamente al protrarsi dei tempi dell\u2019appalto sulle dotazioni informatiche. Tuttavia, ha assicurato, pubblicheremo tutto con le rilevazioni manuali e non credo che sia una cosa priva di valore perch\u00e9 i sardi avranno modo di dare le loro \u201cpagelle\u201d.<\/p>\n\n\n\n<p>Il consigliere sardista Domenico Gallus, dopo aver ricordato il suo primo giuramento nel 2005 davanti a tutta la Giunta presidente compreso, ha rilevato con rammarico che dopo 18 anni \u00e8 costretto ad assistere ad un profondo decadimento del senso di appartenenza e, a proposito delle assenze, ha concluso ironicamente che \u201calmeno in 40 non chiudono la porta\u201d.<\/p>\n\n\n\n<p>Il consigliere dei Riformatori Michele Cossa, apprezzando i richiamo al regolamento, ha ricordato che in ordine alla legge sul riordino del settore ippico sono state fatte le relazioni ma non la discussione generale per cui non si pu\u00f2 procedere verifica se non attraverso le votazioni, fermo restando il confronto su emendamenti richiesto da Ennas.<\/p>\n\n\n\n<p>Il presidente Pais ha dato atto dell\u2019interpretazione corretta delle norme regolamentari. Ha quindi aperto la discussione generale, nella quale nessun consigliere ha chiesto la parola, ed hai proposto una sospensione della seduta.<\/p>\n\n\n\n<p>Il capogruppo dei Progressisti Francesco Agus, constatata l\u2019assenza del numero legale, ha suggerito di effettuare lo scrutinio sul passaggio agli articoli, senza tralasciare la necessit\u00e0 di risolvere il problema politico interno alla maggioranza che si \u00e8 manifestato con evidenza.<\/p>\n\n\n\n<p>Il presidente ha sospeso la seduta convocando la conferenza dei capigruppo.<\/p>\n\n\n\n<p>Alla ripresa dei lavori, il presidente Pais ha comunicato la decisione di rinviare la seduta a marted\u00ec prossimo 10 ottobre alle 16 consentire il deposito di eventuali emendamenti alla legge di riordino del sistema ippico della Sardegna.&nbsp;Com<\/p>\n","protected":false},"excerpt":{"rendered":"<p>Cagliari 3 Ott 2023 &#8211;\u00a0\u00a0La seduta \u00e8 stata aperta dal presidente Michele Pais. Dopo le formalit\u00e0 di rito il Consiglio ha proseguito l\u2019esame dell\u2019ordine del&#8230;<\/p>\n","protected":false},"author":2,"featured_media":239834,"comment_status":"closed","ping_status":"open","sticky":false,"template":"","format":"standard","meta":[],"categories":[49,52],"tags":[],"_links":{"self":[{"href":"https:\/\/www.cronacaonline.it\/index.php\/wp-json\/wp\/v2\/posts\/240855"}],"collection":[{"href":"https:\/\/www.cronacaonline.it\/index.php\/wp-json\/wp\/v2\/posts"}],"about":[{"href":"https:\/\/www.cronacaonline.it\/index.php\/wp-json\/wp\/v2\/types\/post"}],"author":[{"embeddable":true,"href":"https:\/\/www.cronacaonline.it\/index.php\/wp-json\/wp\/v2\/users\/2"}],"replies":[{"embeddable":true,"href":"https:\/\/www.cronacaonline.it\/index.php\/wp-json\/wp\/v2\/comments?post=240855"}],"version-history":[{"count":1,"href":"https:\/\/www.cronacaonline.it\/index.php\/wp-json\/wp\/v2\/posts\/240855\/revisions"}],"predecessor-version":[{"id":240857,"href":"https:\/\/www.cronacaonline.it\/index.php\/wp-json\/wp\/v2\/posts\/240855\/revisions\/240857"}],"wp:featuredmedia":[{"embeddable":true,"href":"https:\/\/www.cronacaonline.it\/index.php\/wp-json\/wp\/v2\/media\/239834"}],"wp:attachment":[{"href":"https:\/\/www.cronacaonline.it\/index.php\/wp-json\/wp\/v2\/media?parent=240855"}],"wp:term":[{"taxonomy":"category","embeddable":true,"href":"https:\/\/www.cronacaonline.it\/index.php\/wp-json\/wp\/v2\/categories?post=240855"},{"taxonomy":"post_tag","embeddable":true,"href":"https:\/\/www.cronacaonline.it\/index.php\/wp-json\/wp\/v2\/tags?post=240855"}],"curies":[{"name":"wp","href":"https:\/\/api.w.org\/{rel}","templated":true}]}}