{"id":240830,"date":"2023-10-03T15:12:19","date_gmt":"2023-10-03T13:12:19","guid":{"rendered":"https:\/\/www.cronacaonline.it\/?p=240830"},"modified":"2023-10-03T15:12:21","modified_gmt":"2023-10-03T13:12:21","slug":"occupazione-giunta-sardegna-modifica-durata-massima-cantieri-fino-a-12-mesi-lassessore-lai-restituire-dignita-sociale-e-professionale-ai-lavoratori","status":"publish","type":"post","link":"https:\/\/www.cronacaonline.it\/index.php\/2023\/10\/03\/occupazione-giunta-sardegna-modifica-durata-massima-cantieri-fino-a-12-mesi-lassessore-lai-restituire-dignita-sociale-e-professionale-ai-lavoratori\/","title":{"rendered":"Occupazione, Giunta Sardegna modifica durata massima cantieri fino a 12 mesi. L\u2019assessore Lai: \u201crestituire dignit\u00e0 sociale e professionale ai lavoratori\u201d."},"content":{"rendered":"\n<p>Cagliari, 3 Ott 2023 \u2013\u00a0La Giunta regionale, nell\u2019ultima seduta, su proposta dell\u2019Assessore del Lavoro, Ada Lai, ha modificato la durata massima dei cantieri verdi, che coinvolgono i lavoratori e le lavoratrici ex Legler, portandola da 8 a 12 mesi, per 30 ore settimanali.<\/p>\n\n\n\n<p>\u201cPromuoviamo l\u2019occupazione e la stabilit\u00e0 lavorativa - dichiara Lai -&nbsp;&nbsp;grazie ad un aumento delle risorse assegnate all\u2019intervento, infatti, \u00e8 possibile garantire la prosecuzione dei cantieri occupazionali, aumentando la durata della misura. Un\u2019opportunit\u00e0 per le famiglie in difficolt\u00e0 e per le amministrazioni comunali che potranno portare avanti importanti progetti di riqualificazione del territorio. Il nostro obiettivo - conclude l\u2019assessore - \u00e8 quello di creare una societ\u00e0 pi\u00f9 equa e inclusiva, restituendo dignit\u00e0 professionale e sociale ai lavoratori e superando l'assistenzialismo fine a s\u00e9 stesso.\"<\/p>\n\n\n\n<p>Pi\u00f9 nello specifico, la misura riguarda 54 lavoratori e lavoratrici ex Legler, cessati dal rapporto di lavoro a seguito della liquidazione della societ\u00e0 e non sostenuti da ammortizzatori sociali, gi\u00e0 impiegati nei cantieri occupazionali, di cui 13 nel Comune di Posada e 41 nel Comune di Siniscola.&nbsp;Lo stanziamento per l\u2019annualit\u00e0 2023 \u00e8 pari a euro 1.316.000,00, in favore dei medesimi Comuni, in quota parte sulla base del progetto e dei lavoratori coinvolti.&nbsp;&nbsp;<\/p>\n","protected":false},"excerpt":{"rendered":"<p>Cagliari, 3 Ott 2023 \u2013\u00a0La Giunta regionale, nell\u2019ultima seduta, su proposta dell\u2019Assessore del Lavoro, Ada Lai, ha modificato la durata massima dei cantieri verdi, che&#8230;<\/p>\n","protected":false},"author":2,"featured_media":235318,"comment_status":"closed","ping_status":"open","sticky":false,"template":"","format":"standard","meta":[],"categories":[49,52],"tags":[],"_links":{"self":[{"href":"https:\/\/www.cronacaonline.it\/index.php\/wp-json\/wp\/v2\/posts\/240830"}],"collection":[{"href":"https:\/\/www.cronacaonline.it\/index.php\/wp-json\/wp\/v2\/posts"}],"about":[{"href":"https:\/\/www.cronacaonline.it\/index.php\/wp-json\/wp\/v2\/types\/post"}],"author":[{"embeddable":true,"href":"https:\/\/www.cronacaonline.it\/index.php\/wp-json\/wp\/v2\/users\/2"}],"replies":[{"embeddable":true,"href":"https:\/\/www.cronacaonline.it\/index.php\/wp-json\/wp\/v2\/comments?post=240830"}],"version-history":[{"count":1,"href":"https:\/\/www.cronacaonline.it\/index.php\/wp-json\/wp\/v2\/posts\/240830\/revisions"}],"predecessor-version":[{"id":240831,"href":"https:\/\/www.cronacaonline.it\/index.php\/wp-json\/wp\/v2\/posts\/240830\/revisions\/240831"}],"wp:featuredmedia":[{"embeddable":true,"href":"https:\/\/www.cronacaonline.it\/index.php\/wp-json\/wp\/v2\/media\/235318"}],"wp:attachment":[{"href":"https:\/\/www.cronacaonline.it\/index.php\/wp-json\/wp\/v2\/media?parent=240830"}],"wp:term":[{"taxonomy":"category","embeddable":true,"href":"https:\/\/www.cronacaonline.it\/index.php\/wp-json\/wp\/v2\/categories?post=240830"},{"taxonomy":"post_tag","embeddable":true,"href":"https:\/\/www.cronacaonline.it\/index.php\/wp-json\/wp\/v2\/tags?post=240830"}],"curies":[{"name":"wp","href":"https:\/\/api.w.org\/{rel}","templated":true}]}}