{"id":240828,"date":"2023-10-03T15:10:29","date_gmt":"2023-10-03T13:10:29","guid":{"rendered":"https:\/\/www.cronacaonline.it\/?p=240828"},"modified":"2023-10-03T15:10:33","modified_gmt":"2023-10-03T13:10:33","slug":"festival-delle-regioni-il-presidente-della-sardegna-diversita-delle-regioni-patrimonio-da-tutelare-e-vera-forza-propulsiva-del-paese","status":"publish","type":"post","link":"https:\/\/www.cronacaonline.it\/index.php\/2023\/10\/03\/festival-delle-regioni-il-presidente-della-sardegna-diversita-delle-regioni-patrimonio-da-tutelare-e-vera-forza-propulsiva-del-paese\/","title":{"rendered":"Festival delle regioni, il presidente della Sardegna: \u201cdiversit\u00e0 delle regioni patrimonio da tutelare e vera forza propulsiva del paese\u201d."},"content":{"rendered":"\n<p>Torino, 3 Ott 2023 \u2013\u00a0\u201cLa forza del Paese, anche in termini di sviluppo economico, risiede nel grandissimo patrimonio di diversit\u00e0. Ogni regione ha una specializzazione, zone con eccellenze e differenze che, messe in maniera armonica, possono rappresentare il vero volano di sviluppo per tutta l'Italia. Cercare di comprimere le diversit\u00e0 di uno Stato che nasce proprio qui come Stato plurinazionale, da esperienze completamente diverse e da esigenze molto differenziate, sarebbe un modo sbagliato per affrontare il tema. Credo quindi che l'autonomia e la declinazione delle diverse realt\u00e0 all'interno di una cornice unitaria possa fornire il vero propulsore per una nuova crescita armonica dell'intero Paese\u201d. Cos\u00ec il Presidente della Regione Sardegna, che questa mattina \u00e8 intervenuto a Torino al Festival delle Regioni.<\/p>\n\n\n\n<p>Quattro giornate ricche di eventi, cominciata con le iniziative legate al Villaggio delle Regioni e proseguite con gli incontri istituzionali e i tavoli tecnici. Nella giornata conclusiva della seconda edizione del Festival a intervenire nel corso di una tavola rotonda dal titolo&nbsp;\u201cLe Regioni per lo sviluppo economico e per i territori\u201d,&nbsp;\u00e8 stato appunto il Presidente, con il Presidente della Regione Emilia Romagna, Stefano Bonaccini, e il Presidente delle Marche, Francesco Acquaroli e con la partecipazione dei Ministro dell\u2019Ambiente e della sicurezza energetica, Picchetto Fratin e, in collegamento, dei ministri dell\u2019agricoltura, Francesco Lollobrigida, e delle imprese e del made in Italy Adolfo Urso (entrambi in videocollegamento).<\/p>\n\n\n\n<p>Ed \u00e8 proprio in questa sede e cornice che il Presidente ha presentato la Sardegna non solo in termini di attrattivit\u00e0 turistica ma anche attraverso i progetti pi\u00f9 qualificanti che proprio nell\u2019Isola hanno trovato terreno fertile, consolidando, ha spiegato, \u201cl\u2019immagine di una terra che si presenta come ecosistema favorevole agli investimenti\u201d. L\u2019Einstein Telescope, la riconversione dei siti industriali, la valorizzazione del patrimonio archeologico sardo alcuni dei progetti citati dal Presidente.<\/p>\n\n\n\n<p>\u201cUna regione come la Sardegna, rispetto al resto della Penisola, ha chiaramente svantaggi strutturali permanenti derivanti dalla sua condizione di insularit\u00e0 \u2013 ha evidenziato il Presidente \u2013 \u00e8 la terra pi\u00f9 distante dalla terraferma nel nostro Paese, ma ha anche una forza che si chiama attrattivit\u00e0 e internazionalizzazione. Si chiama tentativo, che \u00e8 proprio quello che stiamo cercando di portare avanti, di consolidarne un'immagine che, al di l\u00e0 delle proprie bellezze e dei propri valori paesaggistici ambientali, sia anche quella di un ecosistema favorevole all'innovazione, alla ricerca, allo sviluppo\u201d.<\/p>\n\n\n\n<p>\u201cLa candidatura di tutto il Paese a ospitare in Sardegna un'infrastruttura strategica come l\u2019Einstein Telescope \u2013 ha spiegato il Presidente in scadenza della regione sarda - rappresenta una grande opportunit\u00e0 perch\u00e9 realizzare qui il pi\u00f9 grande rilevatore di onde gravitazionali che si avr\u00e0 per i prossimi 40 50 anni significa attrarre grande capitale umano, avere una promozione territoriale di altissimo livello, stimolare il sistema della formazione universitaria e post-universitaria a fornire un livello di competenze e di skill sempre migliori\u201d. Accanto a questo, ha proseguito il Presidente, \u201cabbiamo portato avanti progetti di riconversione dei siti industriali, in particolare quelli minerari, che avevano rappresentato da sempre un grande problema irrisolto della Sardegna. E in uno dei pozzi minerari simbolo abbiamo portato avanti, con una collaborazione con l'Universit\u00e0 di Princeton e le Universit\u00e0 sarde, il progetto della torre di distillazione dell'argon, un gas nobile. Abbiamo un modello di sviluppo improntato sul turismo che rappresenta dei moltiplicatori eccezionali, ma accanto a questo stiamo cercando di portare avanti un modello di sviluppo improntato all'economia della cultura, valorizzando una civilt\u00e0 come quella nuragica e prenuragica, che rappresenta 1\/5 del patrimonio archeologico dell'intero Paese\u201d. Com<\/p>\n","protected":false},"excerpt":{"rendered":"<p>Torino, 3 Ott 2023 \u2013\u00a0\u201cLa forza del Paese, anche in termini di sviluppo economico, risiede nel grandissimo patrimonio di diversit\u00e0. Ogni regione ha una specializzazione,&#8230;<\/p>\n","protected":false},"author":2,"featured_media":187129,"comment_status":"closed","ping_status":"open","sticky":false,"template":"","format":"standard","meta":[],"categories":[49,52],"tags":[],"_links":{"self":[{"href":"https:\/\/www.cronacaonline.it\/index.php\/wp-json\/wp\/v2\/posts\/240828"}],"collection":[{"href":"https:\/\/www.cronacaonline.it\/index.php\/wp-json\/wp\/v2\/posts"}],"about":[{"href":"https:\/\/www.cronacaonline.it\/index.php\/wp-json\/wp\/v2\/types\/post"}],"author":[{"embeddable":true,"href":"https:\/\/www.cronacaonline.it\/index.php\/wp-json\/wp\/v2\/users\/2"}],"replies":[{"embeddable":true,"href":"https:\/\/www.cronacaonline.it\/index.php\/wp-json\/wp\/v2\/comments?post=240828"}],"version-history":[{"count":1,"href":"https:\/\/www.cronacaonline.it\/index.php\/wp-json\/wp\/v2\/posts\/240828\/revisions"}],"predecessor-version":[{"id":240829,"href":"https:\/\/www.cronacaonline.it\/index.php\/wp-json\/wp\/v2\/posts\/240828\/revisions\/240829"}],"wp:featuredmedia":[{"embeddable":true,"href":"https:\/\/www.cronacaonline.it\/index.php\/wp-json\/wp\/v2\/media\/187129"}],"wp:attachment":[{"href":"https:\/\/www.cronacaonline.it\/index.php\/wp-json\/wp\/v2\/media?parent=240828"}],"wp:term":[{"taxonomy":"category","embeddable":true,"href":"https:\/\/www.cronacaonline.it\/index.php\/wp-json\/wp\/v2\/categories?post=240828"},{"taxonomy":"post_tag","embeddable":true,"href":"https:\/\/www.cronacaonline.it\/index.php\/wp-json\/wp\/v2\/tags?post=240828"}],"curies":[{"name":"wp","href":"https:\/\/api.w.org\/{rel}","templated":true}]}}