{"id":240818,"date":"2023-10-03T11:26:02","date_gmt":"2023-10-03T09:26:02","guid":{"rendered":"https:\/\/www.cronacaonline.it\/?p=240818"},"modified":"2023-10-03T11:26:05","modified_gmt":"2023-10-03T09:26:05","slug":"turismo-inaugurato-il-cammino-di-santefisio-assessore-chessa-da-cagliari-a-nora-sulle-orme-del-martire-protettore-della-sardegna","status":"publish","type":"post","link":"https:\/\/www.cronacaonline.it\/index.php\/2023\/10\/03\/turismo-inaugurato-il-cammino-di-santefisio-assessore-chessa-da-cagliari-a-nora-sulle-orme-del-martire-protettore-della-sardegna\/","title":{"rendered":"Turismo, inaugurato il cammino di Sant\u2019Efisio. Assessore Chessa: \u2018da Cagliari a Nora sulle orme del martire protettore della Sardegna."},"content":{"rendered":"\n<p>Cagliari 3 Ott 2023\u00a0\u2013 \u201cDa Cagliari a Nora sulle orme del Martire protettore della Sardegna, in una delle pi\u00f9 lunghe e suggestive processioni del Mediterraneo. Un\u2019occasione speciale per promuovere un itinerario che coniuga le dimensioni spirituale e culturale in luoghi dove \u00e8 profonda la devozione per il Santo pi\u00f9 amato dai sardi. \u2018A passo lento, tra bellezza, identit\u00e0 e devozione\u2019 come recita lo slogan del progetto regionale\u201c.<\/p>\n\n\n\n<p>Lo ha detto l\u2019assessore regionale del Turismo, Gianni Chessa, in occasione dell\u2019inaugurazione del \u2018Cammino di Sant\u2019Efisio\u2019, partito questa mattina dalla piazza della Chiesetta, nel quartiere di Stampace a Cagliari, nell'ambito del progetto \u2018Noi camminiamo in Sardegna\u2019, manifestazione promossa dall\u2019Assessorato del Turismo e giunta alla seconda edizione, con il coordinamento di Renato Tomasi, che si svolger\u00e0 fino&nbsp;a sabato 7 ottobre. La conferenza di chiusura si terr\u00e0 a Laconi e si realizzer\u00e0 attraverso la narrazione e la condivisione delle esperienze maturate dagli esperti e dagli addetti ai lavori durante le giornate di cammino, con l'obiettivo finale di promuovere la Sardegna nello scenario nazionale e pianificare l\u2019edizione 2024.<\/p>\n\n\n\n<p>Il percorso progettuale del Cammino di Sant\u2019Efisio \u00e8 partito un anno fa, attivato con decreto dell\u2019Assessore, in sintonia con la Conferenza episcopale regionale, la Diocesi di Cagliari, l\u2019Arciconfraternita di Sant\u2019Efisio e coi Comuni coinvolti lungo il pellegrinaggio, che si snoda dal Capoluogo alla chiesetta romanica della spiaggia di Nora, luogo del martirio, con tappe intermedie a Capoterra, Sarroch, Villa San Pietro e Pula. Poi, l\u2019itinerario&nbsp;viene ripercorso&nbsp;in direzione opposta, verso la chiesetta del quartiere di Stampace.<\/p>\n\n\n\n<p>\u201cIn appena un anno \u2013 ha evidenziato l\u2019assessore \u2013 siamo giunti alla fase tanto attesa di consolidare il tema del turismo culturale-religioso, anche attraverso la valorizzazione del Cammino di Sant\u2019Efisio L\u2019obiettivo di inaugurare l\u2019itinerario devozionale in occasione di \u2018Noi camminiamo in Sardegna\u2019 \u00e8 stato raggiunto. Un cammino di grande bellezza, accoglienza e devozione, in una natura incontaminata, fra mare e campagna\u201d.<\/p>\n\n\n\n<p>Il percorso bidirezionale \u00e8 lungo 80 chilometri, ma raggiunge i 100 con la visita ai luoghi storici di devozione del Santo. Diviso in quattro tappe, nasce dalla tradizionale processione che dall\u20191 al 4 maggio rievoca le vicende, risalenti all\u2019inizio del IV secolo, del Santo guerriero e lo scioglimento del voto a lui rivolto durante la pestilenza del 1652.<\/p>\n\n\n\n<p>\u201cIl progetto \u2018Noi camminiamo in Sardegna\u2019 si inserisce nel segmento del turismo lento e sostenibile. Un modello di turismo esperienziale, nel quale i cammini, le destinazioni di pellegrinaggio e i borghi, accompagnati dall\u2019ospitalit\u00e0, rappresentano una proposta turistica unitaria, orientata ad integrare il tradizionale e consolidato turismo balneare. Un\u2019iniziativa che attraverser\u00e0 oltre settanta Comuni, mettendo in mostra anche la bellezza dell\u2019interno dell'Isola, al quale prenderanno parte circa 500 persone: giornalisti e videoreporter specializzati, camminatori, guide e accompagnatori. Proponiamo un modello originale per sperimentare e definire il livello di fruibilit\u00e0 dei cammini e degli itinerari spirituali, cos\u00ec da poterli promuoverli sul mercato nazionale ed internazionale\u201d, ha concluso l\u2019Assessore del Turismo.&nbsp;Com<\/p>\n","protected":false},"excerpt":{"rendered":"<p>Cagliari 3 Ott 2023\u00a0\u2013 \u201cDa Cagliari a Nora sulle orme del Martire protettore della Sardegna, in una delle pi\u00f9 lunghe e suggestive processioni del Mediterraneo.&#8230;<\/p>\n","protected":false},"author":2,"featured_media":240819,"comment_status":"closed","ping_status":"open","sticky":false,"template":"","format":"standard","meta":[],"categories":[49,52],"tags":[],"_links":{"self":[{"href":"https:\/\/www.cronacaonline.it\/index.php\/wp-json\/wp\/v2\/posts\/240818"}],"collection":[{"href":"https:\/\/www.cronacaonline.it\/index.php\/wp-json\/wp\/v2\/posts"}],"about":[{"href":"https:\/\/www.cronacaonline.it\/index.php\/wp-json\/wp\/v2\/types\/post"}],"author":[{"embeddable":true,"href":"https:\/\/www.cronacaonline.it\/index.php\/wp-json\/wp\/v2\/users\/2"}],"replies":[{"embeddable":true,"href":"https:\/\/www.cronacaonline.it\/index.php\/wp-json\/wp\/v2\/comments?post=240818"}],"version-history":[{"count":1,"href":"https:\/\/www.cronacaonline.it\/index.php\/wp-json\/wp\/v2\/posts\/240818\/revisions"}],"predecessor-version":[{"id":240820,"href":"https:\/\/www.cronacaonline.it\/index.php\/wp-json\/wp\/v2\/posts\/240818\/revisions\/240820"}],"wp:featuredmedia":[{"embeddable":true,"href":"https:\/\/www.cronacaonline.it\/index.php\/wp-json\/wp\/v2\/media\/240819"}],"wp:attachment":[{"href":"https:\/\/www.cronacaonline.it\/index.php\/wp-json\/wp\/v2\/media?parent=240818"}],"wp:term":[{"taxonomy":"category","embeddable":true,"href":"https:\/\/www.cronacaonline.it\/index.php\/wp-json\/wp\/v2\/categories?post=240818"},{"taxonomy":"post_tag","embeddable":true,"href":"https:\/\/www.cronacaonline.it\/index.php\/wp-json\/wp\/v2\/tags?post=240818"}],"curies":[{"name":"wp","href":"https:\/\/api.w.org\/{rel}","templated":true}]}}