{"id":240796,"date":"2023-10-02T17:11:00","date_gmt":"2023-10-02T15:11:00","guid":{"rendered":"https:\/\/www.cronacaonline.it\/?p=240796"},"modified":"2023-10-02T17:11:03","modified_gmt":"2023-10-02T15:11:03","slug":"festival-delle-regioni-gli-assessori-porcu-pili-e-saiu-a-torino-confronto-tra-istituzioni-fondamentale-per-elaborare-e-costruire-proposte-dedicate-ai-territori","status":"publish","type":"post","link":"https:\/\/www.cronacaonline.it\/index.php\/2023\/10\/02\/festival-delle-regioni-gli-assessori-porcu-pili-e-saiu-a-torino-confronto-tra-istituzioni-fondamentale-per-elaborare-e-costruire-proposte-dedicate-ai-territori\/","title":{"rendered":"Festival delle regioni, gli assessori Porcu, Pili e Saiu A Torino: \u201cconfronto tra istituzioni fondamentale per elaborare e costruire proposte dedicate ai territori\u201d."},"content":{"rendered":"\n<p>Torino, 2 Ott 2023 \u2013\u00a0Sono partiti oggi, a Torino alla presenza del Presidente della Repubblica, Sergio Mattarella, gli incontri istituzionali della seconda edizione de 'L'Italia delle Regioni', il festival nazionale della Conferenza delle Regioni e delle Province autonome che ha preso avvio sabato con il \u201cVillaggio delle Regioni\u201d. Ad intervenire nel corso dei primi due tavoli tecnici dedicati rispettivamente al territorio e allo sviluppo sono stati, in qualit\u00e0 di coordinatori della Commissione Ambiente ed Energia della Conferenza delle Regioni, gli Assessori della Difesa dell\u2019Ambiente, Marco Porcu, e dell\u2019Industria, Anita Pili. Prender\u00e0 invece parte domani, alla tavola rotonda dal titolo \u201cLe Regioni per lo sviluppo economico e per i territori\u201d, il Presidente della Regione Sardegna.<\/p>\n\n\n\n<p>A rappresentare la Commissione Ambiente della Conferenza delle Regioni al \u201cTavolo per la difesa del territorio\u201d \u00e8 stato l\u2019Assessore della Difesa dell\u2019ambiente, Marco Porcu, con un intervento incentrato sul ruolo della Protezione civile, che secondo l\u2019esponente della Giunta sarda deve avere la forza necessaria a intervenire non solo nella gestione ma anche nella fase di prevenzione degli eventi catastrofici. \u201cIl problema della Difesa del territorio \u00e8 stato affrontato anche dal punto di vista delle risorse: quelle pubbliche che compongono la filiera istituzionale, che va dall\u2019Europa alle Regioni passando per il Governo nazionale \u2013 spiega Porcu - Alle stesse, si aggiunge il tema delle competenze, intese come capacit\u00e0 amministrativa e di realizzazione dei progetti di manutenzione degli assetti idrogeologici dei territori, attraverso precise politiche infrastrutturali di adattamento al cambiamento climatico. In tal senso \u2013 prosegue l\u2019Assessore - la Protezione civile deve svolgere necessariamente un ruolo centrale, occupandosi anche di gestione delle situazioni di rischio prima di qualsiasi evento emergenziale, a partire da quelle classificate con rischio pi\u00f9 grave, coordinando gli interventi e i fondi che&nbsp;attualmente sono attribuiti a pi\u00f9 soggetti, tra cui anche i Comuni, in relazione ai quali spesso neppure le Regioni sono tempestivamente informate. Tutto questo \u2013 ha concluso l\u2019esponente dell\u2019Esecutivo sardo - anche in funzione dell\u2019attuazione della strategia di adattamento ai cambiamenti climatici che la Regione Sardegna si avvia ad aggiornare\".<\/p>\n\n\n\n<p>In contemporanea con il Tavolo dedicato al Territorio si \u00e8 svolto quello per lo Sviluppo, rappresentato, sempre in qualit\u00e0 di coordinatore della Commissione Ambiente ed Energia della Conferenza delle Regioni, l\u2019Assessore regionale dell\u2019Industria, Anita Pili, che nella giornata di ieri ha consegnato un premio all\u2019associazione dei Sardi in Piemonte in occasione dei 55 anni dalla sua fondazione. \u201cNel tavolo di lavoro specifico sulle infrastrutture ho evidenziato il gap infrastrutturale energetico che la nostra Isola paga in termini di insularit\u00e0 rispetto al resto delle Regioni d\u2019Italia. \u00c8 stata certamente un\u2019occasione per confrontarci sul lavoro in corso proprio in seno alla conferenza delle Regioni affinch\u00e9 anche grazie alla collaborazione tra Regioni possa essere colmata la differenza infrastrutturale tra i territori regionali e soprattutto sia garantita alla nostra Sardegna una prospettiva concreta di sviluppo, non solo per l\u2019oggi ma anche per gli anni a venire\u201d.<\/p>\n\n\n\n<p>Al centro del festival, negli eventi \u2018collaterali\u2019 rispetto a quelli istituzionali, anche l\u2019Einstein Telescope con una serie di appuntamenti dedicati. Al convegno di carattere scientifico, sabato 30, ha fatto seguito oggi una simulazione sulle onde gravitazionali dedicata ai bambini. A evidenziare l\u2019importanza del progetto per la Sardegna, l\u2019Italia e l\u2019Europa intera \u00e8 stato l\u2019Assessore dei Lavori Pubblici, Pierluigi Saiu:&nbsp;\u201cLa Regione ha portato l\u2019Einstein Telescope anche a Torino, testimoniando la volont\u00e0 di sostenere l\u2019infrastruttura scientifica pi\u00f9 importante e qualificante per il futuro della nostra Isola. Abbiamo stanziato, tra le altre, risorse importanti sulla viabilit\u00e0 e sulla connessione alla rete ultraveloce che proprio qualche giorno fa ha collegato alla dorsale nazionale della ricerca GARR il laboratorio SAR-GRAV nelle miniere di Sos Enattos. Oggi ci diciamo pronti a proseguire nella preparazione del sito in vista della scelta europea anticipata al 2025\u201d, ha spiegato l\u2019Assessore. \u201cDi fondamentale importanza \u00e8 stato il sostegno del Governo - prosegue l\u2019Assessore - Il coinvolgimento dei territori guidati dal Comune di Lula, \u00e8 stato gi\u00e0 importantissimo nella fase che ha portato alla scelta della Sardegna da parte del Governo e continuer\u00e0 a essere strategico da qui in avanti. Oggi la Regione conferma impegno, sostegno e attenzione per questo straordinario progetto strategico\u201d. Com<\/p>\n","protected":false},"excerpt":{"rendered":"<p>Torino, 2 Ott 2023 \u2013\u00a0Sono partiti oggi, a Torino alla presenza del Presidente della Repubblica, Sergio Mattarella, gli incontri istituzionali della seconda edizione de &#8216;L&#8217;Italia&#8230;<\/p>\n","protected":false},"author":2,"featured_media":240797,"comment_status":"closed","ping_status":"open","sticky":false,"template":"","format":"standard","meta":[],"categories":[49,52],"tags":[],"_links":{"self":[{"href":"https:\/\/www.cronacaonline.it\/index.php\/wp-json\/wp\/v2\/posts\/240796"}],"collection":[{"href":"https:\/\/www.cronacaonline.it\/index.php\/wp-json\/wp\/v2\/posts"}],"about":[{"href":"https:\/\/www.cronacaonline.it\/index.php\/wp-json\/wp\/v2\/types\/post"}],"author":[{"embeddable":true,"href":"https:\/\/www.cronacaonline.it\/index.php\/wp-json\/wp\/v2\/users\/2"}],"replies":[{"embeddable":true,"href":"https:\/\/www.cronacaonline.it\/index.php\/wp-json\/wp\/v2\/comments?post=240796"}],"version-history":[{"count":1,"href":"https:\/\/www.cronacaonline.it\/index.php\/wp-json\/wp\/v2\/posts\/240796\/revisions"}],"predecessor-version":[{"id":240798,"href":"https:\/\/www.cronacaonline.it\/index.php\/wp-json\/wp\/v2\/posts\/240796\/revisions\/240798"}],"wp:featuredmedia":[{"embeddable":true,"href":"https:\/\/www.cronacaonline.it\/index.php\/wp-json\/wp\/v2\/media\/240797"}],"wp:attachment":[{"href":"https:\/\/www.cronacaonline.it\/index.php\/wp-json\/wp\/v2\/media?parent=240796"}],"wp:term":[{"taxonomy":"category","embeddable":true,"href":"https:\/\/www.cronacaonline.it\/index.php\/wp-json\/wp\/v2\/categories?post=240796"},{"taxonomy":"post_tag","embeddable":true,"href":"https:\/\/www.cronacaonline.it\/index.php\/wp-json\/wp\/v2\/tags?post=240796"}],"curies":[{"name":"wp","href":"https:\/\/api.w.org\/{rel}","templated":true}]}}