{"id":240723,"date":"2023-09-30T15:04:22","date_gmt":"2023-09-30T13:04:22","guid":{"rendered":"https:\/\/www.cronacaonline.it\/?p=240723"},"modified":"2023-09-30T15:04:25","modified_gmt":"2023-09-30T13:04:25","slug":"al-via-la-sperimentazione-degli-sportelli-territoriali-aspal-punto-cpi-lassessore-lai-territorializzare-i-servizi-per-limpiego-per-raggiungere-tutti-i-ci","status":"publish","type":"post","link":"https:\/\/www.cronacaonline.it\/index.php\/2023\/09\/30\/al-via-la-sperimentazione-degli-sportelli-territoriali-aspal-punto-cpi-lassessore-lai-territorializzare-i-servizi-per-limpiego-per-raggiungere-tutti-i-ci\/","title":{"rendered":"Al via la sperimentazione degli sportelli territoriali Aspal \u201cpunto Cpi\u201d. L\u2019assessore Lai: \u201cterritorializzare i servizi per l\u2019impiego per raggiungere tutti i cittadini\u201d."},"content":{"rendered":"\n<p>Cagliari, 30 Sett 2023 \u2013\u00a0Al via la sperimentazione degli sportelli territoriali dei servizi per il lavoro ASPAL presso le amministrazioni locali della Sardegna, denominati \u201cPunto CPI\u201d. Lo ha deciso la Giunta regionale nell\u2019ultima seduta, su proposta dell\u2019assessore del Lavoro, Ada Lai, con un\u2019apposita delibera, che prevede il decentramento e l\u2019avvicinamento dei servizi di supporto ai comuni e ai cittadini.<\/p>\n\n\n\n<p>\u201cIl progetto \u00e8 gi\u00e0 partito dall\u2019Ogliastra, dove sono stati aperti degli sportelli nei comuni di Arzana, Baunei, Tertenia e Jerzu - dichiara Lai - La prossimit\u00e0 e l\u2019accessibilit\u00e0 dei servizi sono le nostre priorit\u00e0: vogliamo assicurare una maggiore capillarit\u00e0 dei servizi per l\u2019impiego decentrando il personale dei centri nei locali dei comuni. E\u2019 una risposta alle esigenze dei cittadini, soprattutto di coloro che vivono in zone disagiate e hanno pi\u00f9 difficolt\u00e0 a fruire dei servizi erogati a distanza attraverso gli strumenti digitali. Si tratta - spiega l\u2019assessore - di un nuovo approccio di rete, basato su un modello di cooperazione con gli enti locali e le imprese, finalizzato ad ampliare capillarmente in tutto il territorio regionale i servizi per il lavoro\u201d.<\/p>\n\n\n\n<p>I destinatari principali dell\u2019intervento sono i cittadini e le cittadine pi\u00f9 vulnerabili a rischio esclusione sociale, disoccupati\/e, NEET, donne in condizioni di svantaggio, persone con disabilit\u00e0, lavoratori\/trici fragili, over 55, autonomi\/e che hanno cessato la loro attivit\u00e0 o con redditi molto bassi, come previsto dal Programma PAR GOL Sardegna, nell\u2019ambito del Piano nazionale di ripresa e resilienza, che insieme al Piano strategico nazionale sulle Nuove Competenze, costituisce il perno della riforma delle politiche per il lavoro.<\/p>\n\n\n\n<p>\u201cIn un momento storico in cui si assiste ad un allontanamento fisico progressivo dei servizi pubblici, non sempre compensato dalla fruizione digitale -&nbsp;&nbsp;sottolinea l\u2019esponente dell\u2019esecutivo sardo - noi andiamo in controtendenza riavvicinando l\u2019amministrazione regionale alle comunit\u00e0. Nel Punto CPI, infatti, grazie alla disponibilit\u00e0 e alla professionalit\u00e0 degli operatori della rete dei Centri per l\u2019Impiego della Sardegna, i cittadini e le imprese - conclude - avranno la possibilit\u00e0 di ricevere quei servizi per il lavoro previsti come Livelli Essenziali di Prestazione (LEP), cio\u00e8 quelli che per legge, le persone e le aziende hanno il diritto di ottenere per meglio affrontare il mondo del lavoro, nonch\u00e9 una serie di attivit\u00e0 seminariali e laboratoriali di informazione e approfondimento\u201d. Com<\/p>\n","protected":false},"excerpt":{"rendered":"<p>Cagliari, 30 Sett 2023 \u2013\u00a0Al via la sperimentazione degli sportelli territoriali dei servizi per il lavoro ASPAL presso le amministrazioni locali della Sardegna, denominati \u201cPunto&#8230;<\/p>\n","protected":false},"author":2,"featured_media":235953,"comment_status":"closed","ping_status":"open","sticky":false,"template":"","format":"standard","meta":[],"categories":[49,52],"tags":[],"_links":{"self":[{"href":"https:\/\/www.cronacaonline.it\/index.php\/wp-json\/wp\/v2\/posts\/240723"}],"collection":[{"href":"https:\/\/www.cronacaonline.it\/index.php\/wp-json\/wp\/v2\/posts"}],"about":[{"href":"https:\/\/www.cronacaonline.it\/index.php\/wp-json\/wp\/v2\/types\/post"}],"author":[{"embeddable":true,"href":"https:\/\/www.cronacaonline.it\/index.php\/wp-json\/wp\/v2\/users\/2"}],"replies":[{"embeddable":true,"href":"https:\/\/www.cronacaonline.it\/index.php\/wp-json\/wp\/v2\/comments?post=240723"}],"version-history":[{"count":1,"href":"https:\/\/www.cronacaonline.it\/index.php\/wp-json\/wp\/v2\/posts\/240723\/revisions"}],"predecessor-version":[{"id":240724,"href":"https:\/\/www.cronacaonline.it\/index.php\/wp-json\/wp\/v2\/posts\/240723\/revisions\/240724"}],"wp:featuredmedia":[{"embeddable":true,"href":"https:\/\/www.cronacaonline.it\/index.php\/wp-json\/wp\/v2\/media\/235953"}],"wp:attachment":[{"href":"https:\/\/www.cronacaonline.it\/index.php\/wp-json\/wp\/v2\/media?parent=240723"}],"wp:term":[{"taxonomy":"category","embeddable":true,"href":"https:\/\/www.cronacaonline.it\/index.php\/wp-json\/wp\/v2\/categories?post=240723"},{"taxonomy":"post_tag","embeddable":true,"href":"https:\/\/www.cronacaonline.it\/index.php\/wp-json\/wp\/v2\/tags?post=240723"}],"curies":[{"name":"wp","href":"https:\/\/api.w.org\/{rel}","templated":true}]}}