{"id":240687,"date":"2023-09-29T13:49:54","date_gmt":"2023-09-29T11:49:54","guid":{"rendered":"https:\/\/www.cronacaonline.it\/?p=240687"},"modified":"2023-09-29T13:49:58","modified_gmt":"2023-09-29T11:49:58","slug":"ambiente-simposio-internazionale-sardinia-presidente-sardegna-la-sardegna-ospita-il-piu-importante-incontro-ambientale-sul-tema-dei-rifiuti-e-delleconomia-circol","status":"publish","type":"post","link":"https:\/\/www.cronacaonline.it\/index.php\/2023\/09\/29\/ambiente-simposio-internazionale-sardinia-presidente-sardegna-la-sardegna-ospita-il-piu-importante-incontro-ambientale-sul-tema-dei-rifiuti-e-delleconomia-circol\/","title":{"rendered":"Ambiente, simposio internazionale \u201cSardinia\u201d. Presidente Sardegna: \u2018la Sardegna ospita il pi\u00f9 importante incontro ambientale sul tema dei rifiuti e dell\u2019economia circolare&#8217;."},"content":{"rendered":"\n<p>Cagliari, 29 Sett 2023\u00a0\u2013 \"La Sardegna ospita con orgoglio la diciannovesima edizione del pi\u00f9 importante incontro internazionale in materia di ambiente, gestione sostenibile dei rifiuti ed economia circolare. Intense giornate di lavoro e di confronto tra esperti, che portano lustro e prestigio alla nostra Isola, proiettandola tra le protagoniste nel mondo della ricerca e dell\u2019innovazione\". Lo ha detto il presidente della Regione Sardegna che questa mattina a Villa Devoto ha presentato, insieme a Raffaello Cossu, professore emerito di Ingegneria ambientale all\u2019Universit\u00e0 di Padova, il Simposio internazionale biennale \u201cSardinia\u201d dedicato alla gestione circolare dei rifiuti, recupero di risorse e discarica sostenibile, che si svolger\u00e0 dal 9 al 13 ottobre, al centro congressi del Forte Village a Santa Margherita di Pula.<br>Il Simposio, al quale parteciperanno circa 600 delegati provenienti da 54 paesi, \u00e8 organizzato dall\u2019associazione scientifica internazionale Iwwg (International waste working group), dal Tavolo di Roma e da importanti atenei italiani e stranieri (Universit\u00e0 Boku di Vienna, Universit\u00e0 di Lulea-Svezia, Universit\u00e0 di Padova, Universit\u00e0 Tecnica di Amburgo, Universit\u00e0 Tongji di Shanghai), patrocinato dal Ministero dell\u2019Ambiente e della Sicurezza energetica, dal Ministero per l\u2019Ambiente austriaco, dalla Regione Sardegna e promosso dall\u2019Agenzia per la protezione dell\u2019Ambiente degli Stati Uniti (US-Epa) e da altre organizzazioni mondiali.<br>\"Da alcuni decenni, in Sardegna si \u00e8 sviluppata una coscienza ambientale e si registra una costante attenzione per la tutela e la salvaguardia dell'ambiente, diventando un punto di riferimento internazionale sul tema \u2013 ha aggiunto \u00a0\u2013 Il tema della sostenibilit\u00e0 ambientale \u00e8 diventato centrale anche nelle politiche dell'Amministrazione regionale, a riprova dell'impegno verso quel tesoro rappresentato dal patrimonio ambientale isolano. La Sardegna \u00e8 all'avanguardia in tutti i processi relativi alla raccolta e al trattamento dei rifiuti, sempre ai vertici delle statistiche nazionali\u201d.<br>Nel corso dell\u2019evento verr\u00e0 assegnato il Premio internazionale \u201cSardinia - A life for waste\u201d, che dal 1999 corona la carriera di scienziati che hanno dedicato la loro vita professionale allo sviluppo tecnico-scientifico della gestione dei rifiuti: \u201cUn riconoscimento, quest\u2019anno assegnato ex-aequo a due studiosi giapponesi, che arricchisce l\u2019evento e rappresenta il pi\u00f9 importante premio al mondo in tema di rifiuti. La Sardegna offre l\u2019immagine di una terra pronta ad ospitare, come nel caso della candidatura per l\u2019Einstein Telescope, importanti insediamenti scientifici, indispensabili per sperimentare un nuovo modello di sviluppo sostenibile dal punto di vista ambientale con conseguenti possibilit\u00e0 di produrre crescita e benessere\u201d, ha concluso il presidente. Com<\/p>\n","protected":false},"excerpt":{"rendered":"<p>Cagliari, 29 Sett 2023\u00a0\u2013 &#8220;La Sardegna ospita con orgoglio la diciannovesima edizione del pi\u00f9 importante incontro internazionale in materia di ambiente, gestione sostenibile dei rifiuti&#8230;<\/p>\n","protected":false},"author":2,"featured_media":11707,"comment_status":"closed","ping_status":"open","sticky":false,"template":"","format":"standard","meta":[],"categories":[49,52],"tags":[],"_links":{"self":[{"href":"https:\/\/www.cronacaonline.it\/index.php\/wp-json\/wp\/v2\/posts\/240687"}],"collection":[{"href":"https:\/\/www.cronacaonline.it\/index.php\/wp-json\/wp\/v2\/posts"}],"about":[{"href":"https:\/\/www.cronacaonline.it\/index.php\/wp-json\/wp\/v2\/types\/post"}],"author":[{"embeddable":true,"href":"https:\/\/www.cronacaonline.it\/index.php\/wp-json\/wp\/v2\/users\/2"}],"replies":[{"embeddable":true,"href":"https:\/\/www.cronacaonline.it\/index.php\/wp-json\/wp\/v2\/comments?post=240687"}],"version-history":[{"count":1,"href":"https:\/\/www.cronacaonline.it\/index.php\/wp-json\/wp\/v2\/posts\/240687\/revisions"}],"predecessor-version":[{"id":240688,"href":"https:\/\/www.cronacaonline.it\/index.php\/wp-json\/wp\/v2\/posts\/240687\/revisions\/240688"}],"wp:featuredmedia":[{"embeddable":true,"href":"https:\/\/www.cronacaonline.it\/index.php\/wp-json\/wp\/v2\/media\/11707"}],"wp:attachment":[{"href":"https:\/\/www.cronacaonline.it\/index.php\/wp-json\/wp\/v2\/media?parent=240687"}],"wp:term":[{"taxonomy":"category","embeddable":true,"href":"https:\/\/www.cronacaonline.it\/index.php\/wp-json\/wp\/v2\/categories?post=240687"},{"taxonomy":"post_tag","embeddable":true,"href":"https:\/\/www.cronacaonline.it\/index.php\/wp-json\/wp\/v2\/tags?post=240687"}],"curies":[{"name":"wp","href":"https:\/\/api.w.org\/{rel}","templated":true}]}}