{"id":240608,"date":"2023-09-27T15:37:13","date_gmt":"2023-09-27T13:37:13","guid":{"rendered":"https:\/\/www.cronacaonline.it\/?p=240608"},"modified":"2023-09-27T15:37:16","modified_gmt":"2023-09-27T13:37:16","slug":"consiglio-sardegna-commissione-cultura-e-lavoro-audizione-della-garante-regionale-dei-detenuti","status":"publish","type":"post","link":"https:\/\/www.cronacaonline.it\/index.php\/2023\/09\/27\/consiglio-sardegna-commissione-cultura-e-lavoro-audizione-della-garante-regionale-dei-detenuti\/","title":{"rendered":"Consiglio Sardegna &#8211; Commissione Cultura e Lavoro: audizione della Garante regionale dei detenuti."},"content":{"rendered":"\n<p>Cagliari, 27 Sett 2023 \u2013 La commissione Cultura e Lavoro, presieduta da Sara Canu (Fdi) ha ascoltato la Garante regionale dei detenuti Irene Testa, che ha esposto la grave situazione delle strutture carcerarie della Sardegna.<\/p>\n\n\n\n<p>Il sistema carcerario regionale, ha affermato la dr.ssa Testa, presenta in parte problemi comuni a quello nazionale ed in parte alcune specificit\u00e0 purtroppo molto negative, a cominciare dall\u2019insufficienza degli organici. Inoltre, ha sostenuto la Garante, negli istituti di pena sardi sono ospitate persone (tossicodipendenti e non) con delicate patologie psichiatriche, che in alcuni casi non appaiono compatibili con la permanenza in carcere. Situazione altrettanto complessa per quanto riguarda la sanit\u00e0 in generale, ha aggiunto la dr.ssa Testa, perch\u00e9 molti pazienti-detenuti vengono inseriti in lunghe liste d\u2019attesa senza alcuna certezza di poter effettuare interventi chirurgici programmati.<\/p>\n\n\n\n<p>La Garante si \u00e8 poi soffermata sulle condizioni generali del carcere minorile di Quartucciu, una struttura fatiscente ed inserita in un contesto di degrado urbano, ha lamentato, dove non \u00e8 possibile trovare spazio per le attivit\u00e0 parallele alla detenzione, dal lavoro alla cultura, che dovrebbero caratterizzare un sistema non solo afflittivo ma anche in grado di offrire una prospettiva di vita diversa ai giovani, una volta usciti dal carcere.<\/p>\n\n\n\n<p>Altre strutture di pena come le colonie, ha detto ancora la dr.ssa Testa, hanno un valore importante ma sono purtroppo sottoutilizzate ed al di sotto della loro capienza reale, mentre potrebbero diventare, in modo particolare in Sardegna, un \u201cmodello\u201d alternativo al carcere, nel quale il lavoro ha un ruolo centrale e nello stesso tempo rappresenta un collegamento con la societ\u00e0 esterna.<\/p>\n\n\n\n<p>Dal confronto con la commissione (hanno preso la parola Laura Caddeo di Arv, Desir\u00e8 Manca del M5S, Alessandra Zedda di Forza Italia ed Ignazio Manca della Lega) \u00e8 emersa la volont\u00e0 comune di intervenire, pur nell\u2019ambito limitato delle competenze regionali, su alcune criticit\u00e0 del sistema carcerario come l\u2019assistenza sanitaria e la possibile riconversione di alcuni spazi di propriet\u00e0 pubblica.<\/p>\n\n\n\n<p>Successivamente la commissione ha approvato a maggioranza, con l\u2019astensione dell\u2019opposizione, la Proposta di legge n.182 (Piga e pi\u00f9) che sostituisce la precedente normativa regionale del 1999. Il provvedimento, riservato ai giovani tra gli 11 ed i 40 anni, si propone di accompagnare i giovani nel percorso di vita scuola-formazione-lavoro-casa-famiglia, anche per favorire la loro permanenza nel territorio regionale ed il ritorno di quanti, per vari motivi, sono stati costretti ad emigrare. Com<\/p>\n","protected":false},"excerpt":{"rendered":"<p>Cagliari, 27 Sett 2023 \u2013 La commissione Cultura e Lavoro, presieduta da Sara Canu (Fdi) ha ascoltato la Garante regionale dei detenuti Irene Testa, che&#8230;<\/p>\n","protected":false},"author":2,"featured_media":192512,"comment_status":"closed","ping_status":"open","sticky":false,"template":"","format":"standard","meta":[],"categories":[49,52],"tags":[],"_links":{"self":[{"href":"https:\/\/www.cronacaonline.it\/index.php\/wp-json\/wp\/v2\/posts\/240608"}],"collection":[{"href":"https:\/\/www.cronacaonline.it\/index.php\/wp-json\/wp\/v2\/posts"}],"about":[{"href":"https:\/\/www.cronacaonline.it\/index.php\/wp-json\/wp\/v2\/types\/post"}],"author":[{"embeddable":true,"href":"https:\/\/www.cronacaonline.it\/index.php\/wp-json\/wp\/v2\/users\/2"}],"replies":[{"embeddable":true,"href":"https:\/\/www.cronacaonline.it\/index.php\/wp-json\/wp\/v2\/comments?post=240608"}],"version-history":[{"count":1,"href":"https:\/\/www.cronacaonline.it\/index.php\/wp-json\/wp\/v2\/posts\/240608\/revisions"}],"predecessor-version":[{"id":240609,"href":"https:\/\/www.cronacaonline.it\/index.php\/wp-json\/wp\/v2\/posts\/240608\/revisions\/240609"}],"wp:featuredmedia":[{"embeddable":true,"href":"https:\/\/www.cronacaonline.it\/index.php\/wp-json\/wp\/v2\/media\/192512"}],"wp:attachment":[{"href":"https:\/\/www.cronacaonline.it\/index.php\/wp-json\/wp\/v2\/media?parent=240608"}],"wp:term":[{"taxonomy":"category","embeddable":true,"href":"https:\/\/www.cronacaonline.it\/index.php\/wp-json\/wp\/v2\/categories?post=240608"},{"taxonomy":"post_tag","embeddable":true,"href":"https:\/\/www.cronacaonline.it\/index.php\/wp-json\/wp\/v2\/tags?post=240608"}],"curies":[{"name":"wp","href":"https:\/\/api.w.org\/{rel}","templated":true}]}}