{"id":240517,"date":"2023-09-25T15:47:38","date_gmt":"2023-09-25T13:47:38","guid":{"rendered":"https:\/\/www.cronacaonline.it\/?p=240517"},"modified":"2023-09-25T15:47:41","modified_gmt":"2023-09-25T13:47:41","slug":"consiglio-sardegna-modifiche-orari-e-ordine-del-giorno-delle-commissioni","status":"publish","type":"post","link":"https:\/\/www.cronacaonline.it\/index.php\/2023\/09\/25\/consiglio-sardegna-modifiche-orari-e-ordine-del-giorno-delle-commissioni\/","title":{"rendered":"Consiglio Sardegna &#8211; Modifiche orari e ordine del giorno delle commissioni."},"content":{"rendered":"\n<p>Cagliari, 25 Sett 2023 \u2013 Rispetto alle precedenti comunicazioni, sono stati parzialmente modificati gli orari e l\u2019ordine del giorno della seduta congiunta fra le commissioni Governo del territorio ed Attivit\u00e0 produttive. La riunione congiunta delle due commissioni, in particolare, \u00e8 stata aggiornata alle 17.30 (rispetto alle 16.30) e, al termine dei lavori, la commissione Attivit\u00e0 produttive in seduta separata sentir\u00e0 le organizzazioni sindacali confederali ed autonome del Sulcis-Iglesiente sulla situazione della Sideralloys.<\/p>\n\n\n\n<p>Inoltre, le previste audizioni degli assessori dell\u2019Industria Anita Pili e dell\u2019Ambiente Marco Porcu sui problemi della produzione di energia da fonti rinnovabili, si terranno (in deroga) gioved\u00ec 28 settembre alle 15.00 davanti alle commissioni Governo del territorio ed Attivit\u00e0 produttive in seduta congiunta. Com<\/p>\n","protected":false},"excerpt":{"rendered":"<p>Cagliari, 25 Sett 2023 \u2013 Rispetto alle precedenti comunicazioni, sono stati parzialmente modificati gli orari e l\u2019ordine del giorno della seduta congiunta fra le commissioni&#8230;<\/p>\n","protected":false},"author":2,"featured_media":239400,"comment_status":"closed","ping_status":"open","sticky":false,"template":"","format":"standard","meta":[],"categories":[49,52],"tags":[],"_links":{"self":[{"href":"https:\/\/www.cronacaonline.it\/index.php\/wp-json\/wp\/v2\/posts\/240517"}],"collection":[{"href":"https:\/\/www.cronacaonline.it\/index.php\/wp-json\/wp\/v2\/posts"}],"about":[{"href":"https:\/\/www.cronacaonline.it\/index.php\/wp-json\/wp\/v2\/types\/post"}],"author":[{"embeddable":true,"href":"https:\/\/www.cronacaonline.it\/index.php\/wp-json\/wp\/v2\/users\/2"}],"replies":[{"embeddable":true,"href":"https:\/\/www.cronacaonline.it\/index.php\/wp-json\/wp\/v2\/comments?post=240517"}],"version-history":[{"count":1,"href":"https:\/\/www.cronacaonline.it\/index.php\/wp-json\/wp\/v2\/posts\/240517\/revisions"}],"predecessor-version":[{"id":240518,"href":"https:\/\/www.cronacaonline.it\/index.php\/wp-json\/wp\/v2\/posts\/240517\/revisions\/240518"}],"wp:featuredmedia":[{"embeddable":true,"href":"https:\/\/www.cronacaonline.it\/index.php\/wp-json\/wp\/v2\/media\/239400"}],"wp:attachment":[{"href":"https:\/\/www.cronacaonline.it\/index.php\/wp-json\/wp\/v2\/media?parent=240517"}],"wp:term":[{"taxonomy":"category","embeddable":true,"href":"https:\/\/www.cronacaonline.it\/index.php\/wp-json\/wp\/v2\/categories?post=240517"},{"taxonomy":"post_tag","embeddable":true,"href":"https:\/\/www.cronacaonline.it\/index.php\/wp-json\/wp\/v2\/tags?post=240517"}],"curies":[{"name":"wp","href":"https:\/\/api.w.org\/{rel}","templated":true}]}}