{"id":240386,"date":"2023-09-21T15:43:05","date_gmt":"2023-09-21T13:43:05","guid":{"rendered":"https:\/\/www.cronacaonline.it\/?p=240386"},"modified":"2023-09-21T15:43:08","modified_gmt":"2023-09-21T13:43:08","slug":"consiglio-sardegna-dimensionamento-scolastico-assessore-biancareddu-nessun-punto-scolastico-sara-soppresso","status":"publish","type":"post","link":"https:\/\/www.cronacaonline.it\/index.php\/2023\/09\/21\/consiglio-sardegna-dimensionamento-scolastico-assessore-biancareddu-nessun-punto-scolastico-sara-soppresso\/","title":{"rendered":"Consiglio Sardegna &#8211; Dimensionamento scolastico, Assessore Biancareddu: \u201cNessun punto scolastico sar\u00e0 soppresso\u201d."},"content":{"rendered":"\n<p>Cagliari, 21 settembre 2023 - \u201cNon verr\u00e0 soppresso alcun punto scolastico della Sardegna\u201d. Lo ha affermato l\u2019assessore della Pubblica istruzione, Andrea Biancareddu, sentito oggi in audizione dalla Commissione Cultura e lavoro, presieduta da Sara Canu (FdI), sulle criticit\u00e0 legate al dimensionamento scolastico, che sta creando molta preoccupazione. L\u2019esponente della Giunta ha ribadito che la sua priorit\u00e0 \u00e8 di tutelare la scuola sarda, gli alunni e le famiglie e fare valere la specificit\u00e0 della Sardegna con il Governo nazionale. In base ai numeri degli alunni e ai parametri dettati dal Governo, ha spiegato Biancareddu, la Sardegna, che oggi ha 220 dirigenti per 270 autonomie (di cui 50 in reggenza), avrebbe perso 80 autonomie passando a 190. Un pericolo scongiurato grazie all\u2019intervento dell\u2019assessore, che ha spiegato al ministro dell\u2019Istruzione, Giuseppe Valditara, che oltre ai numeri bisogna utilizzare altri parametri come la morfologia della Sardegna, le difficolt\u00e0 di collegamento interno, il tasso di dispersione scolastica, la densit\u00e0 demografica, oltre alla presenza di piccole isole e di minoranze linguistiche. La Sardegna ha cos\u00ec ottenuto 228 autonomie e non \u00e8 detto che non ne possano essere aggiunte altre 15, portando, di fatto, ha continuato Biancareddu, a un parziale miglioramento rispetto alla situazione attuale, anche se ci sarebbe comunque una riduzione delle autonomie. \u201cUn grande risultato \u2013 ha spiegato l\u2019assessore \u2013 tenendo conto del decremento demografico che in quattro anni e mezzo ha portato la popolazione scolastica da 210.000 studenti a 182.000\u201d. L\u2019assessore ha chiesto alla Commissione di formulare delle proposte di miglioramento da apportare alla bozza sulle linee guida, che saranno approvate dalla Giunta dopo gli incontri con le Conferenze provinciali, sindaci e dirigenti. La Commissione, appena ricever\u00e0 la bozza, lavorer\u00e0 per dare il proprio contributo.<\/p>\n\n\n\n<p>L\u2019audizione di oggi era stata richiesta dai commissari della minoranza Laura Caddeo (ARV), Piero Comandini (Pd), Desir\u00e9 Manca (M5S) e Franco Stara (Udc Sardegna al centro) sulle criticit\u00e0 conseguenti alla nuova disciplina del dimensionamento, introdotta dalla Legge di Bilancio 2023, L. 197\/2022, che al comma 577 innalza il numero minimo di alunni delle istituzioni scolastiche a 900 studenti e al conseguente decreto interministeriale del 30 giugno 2023, che dispone \u201c Criteri per la definizione del contingente organico dei dirigenti scolastici e dei direttori generali e amministrativi per gli anni 2024\/2025, 2025\/2026 e 2026\/2027\u201d.<\/p>\n\n\n\n<p>Nel corso della seduta sono intervenuti Laura Caddeo (ARV), Desir\u00e9 Manca (M5S) e Michele Ennas (Lega). Com<\/p>\n","protected":false},"excerpt":{"rendered":"<p>Cagliari, 21 settembre 2023 &#8211; \u201cNon verr\u00e0 soppresso alcun punto scolastico della Sardegna\u201d. Lo ha affermato l\u2019assessore della Pubblica istruzione, Andrea Biancareddu, sentito oggi in&#8230;<\/p>\n","protected":false},"author":2,"featured_media":192512,"comment_status":"closed","ping_status":"open","sticky":false,"template":"","format":"standard","meta":[],"categories":[49,52],"tags":[],"_links":{"self":[{"href":"https:\/\/www.cronacaonline.it\/index.php\/wp-json\/wp\/v2\/posts\/240386"}],"collection":[{"href":"https:\/\/www.cronacaonline.it\/index.php\/wp-json\/wp\/v2\/posts"}],"about":[{"href":"https:\/\/www.cronacaonline.it\/index.php\/wp-json\/wp\/v2\/types\/post"}],"author":[{"embeddable":true,"href":"https:\/\/www.cronacaonline.it\/index.php\/wp-json\/wp\/v2\/users\/2"}],"replies":[{"embeddable":true,"href":"https:\/\/www.cronacaonline.it\/index.php\/wp-json\/wp\/v2\/comments?post=240386"}],"version-history":[{"count":1,"href":"https:\/\/www.cronacaonline.it\/index.php\/wp-json\/wp\/v2\/posts\/240386\/revisions"}],"predecessor-version":[{"id":240387,"href":"https:\/\/www.cronacaonline.it\/index.php\/wp-json\/wp\/v2\/posts\/240386\/revisions\/240387"}],"wp:featuredmedia":[{"embeddable":true,"href":"https:\/\/www.cronacaonline.it\/index.php\/wp-json\/wp\/v2\/media\/192512"}],"wp:attachment":[{"href":"https:\/\/www.cronacaonline.it\/index.php\/wp-json\/wp\/v2\/media?parent=240386"}],"wp:term":[{"taxonomy":"category","embeddable":true,"href":"https:\/\/www.cronacaonline.it\/index.php\/wp-json\/wp\/v2\/categories?post=240386"},{"taxonomy":"post_tag","embeddable":true,"href":"https:\/\/www.cronacaonline.it\/index.php\/wp-json\/wp\/v2\/tags?post=240386"}],"curies":[{"name":"wp","href":"https:\/\/api.w.org\/{rel}","templated":true}]}}